{"id":10028,"date":"2016-04-05T15:00:04","date_gmt":"2016-04-05T15:00:04","guid":{"rendered":"http:\/\/www.federacaopaulistadefutsal.com.br\/?p=10028"},"modified":"2016-04-05T15:00:04","modified_gmt":"2016-04-05T15:00:04","slug":"pelo-metropolitano-portuguesa-vence-sao-caetano-em-quatro-categorias","status":"publish","type":"post","link":"https:\/\/www.federacaopaulistadefutsal.com.br\/novo\/pelo-metropolitano-portuguesa-vence-sao-caetano-em-quatro-categorias\/","title":{"rendered":"Pelo Metropolitano, Portuguesa vence S\u00e3o Caetano em quatro categorias"},"content":{"rendered":"<p>&nbsp;<br \/>\nNo \u00faltimo s\u00e1bado (02), em partidas v\u00e1lidas pelo Campeonato Metropolitano S\u00e9rie A1, as equipes de menores da Portuguesa encararam o S\u00e3o Caetano Futsal, no gin\u00e1sio Raulz\u00e3o, em S\u00e3o Paulo-SP. Diante de sua torcida, a Lusa venceu nas seguintes categorias: sub-10, 12, 14 e 16; e perdeu na sub-17.<br \/>\nPelo sub-10, o &#8220;Le\u00e3o&#8221;, com gols de\u00a0Daniel, Miguel (2), Brayan e Jo\u00e3o Pedro, bateu os visitantes por goleada de 5 a 1; Nicolas fez para o time do ABC paulista. Na categoria sub-12, vit\u00f3ria pelo placar de 3 a 0, e\u00a0Guilherme, Raphael e Gustavo foram pra rede.<br \/>\nNo sub-14, a Portuguesa goleou por 5 a 1, com gols de\u00a0Matheus Sales (2), Wallace, Matheus Gutto e Gustavo; Matheus Ara\u00fajo fez o de &#8220;honra&#8221; para o S\u00e3o Caetano. Pelo sub-16,\u00a0em duelo equilibrado nas quatro linhas, o time mandante venceu por 3 a 2, e\u00a0Matheus, Gabriel Pinheiro e Thiago &#8220;anotaram&#8221; para a Lusa; Guilherme Monteiro e Pedro marcaram para a equipe do ABC.<br \/>\nE, por fim, pela categoria sub-17, diferentemente dos demais jogos, o &#8220;Le\u00e3o&#8221; da capital sofreu, e muito, em quadra, perdendo\u00a0por goleada de 8 a 2. Os gols da vit\u00f3ria do S\u00e3o Caetano foram marcados por Matheus Lima, camisa 2 que &#8220;anotou&#8221;\u00a0cinco vezes, Gustavo, Jo\u00e3o Vitor e Guilherme Aparecido;\u00a0Bryan e Leonardo fizeram para a Lusa.<br \/>\nAgora, a Portuguesa vai encarar, no pr\u00f3ximo s\u00e1bado (09), o S\u00e3o Jo\u00e3o\/Jundia\u00ed, fora de casa, no gin\u00e1sio\u00a0Dr. Rom\u00e3o de Souza. J\u00e1 o time do ABC jogar\u00e1 contra o Juventus, tamb\u00e9m no s\u00e1bado (09), no\u00a0Joaquim Camba\u00fava Rabello, em S\u00e3o Caetano do Sul-SP; ambos os confrontos s\u00e3o v\u00e1lidos pela quinta rodada do Campeonato Metropolitano S\u00e9rie A1.<br \/>\n&nbsp;<br \/>\nPor Assessoria FPFS<br \/>\nCom informa\u00e7\u00f5es e foto: M\u00e1rcia Reis\/Portuguesa<br \/>\n&nbsp;<br \/>\n&nbsp;<br \/>\n&nbsp;<\/p>\n","protected":false},"excerpt":{"rendered":"<p>&nbsp; No \u00faltimo s\u00e1bado (02), em partidas v\u00e1lidas pelo Campeonato Metropolitano S\u00e9rie A1, as equipes de menores da Portuguesa encararam<\/p>\n","protected":false},"author":1,"featured_media":10031,"comment_status":"closed","ping_status":"open","sticky":false,"template":"","format":"standard","meta":{"footnotes":""},"categories":[33,12],"tags":[123,138,506,807,1171,1497,1566,1642,1643,1650,1917,2034,2189,2604],"class_list":["post-10028","post","type-post","status-publish","format-standard","has-post-thumbnail","hentry","category-menores","category-metropolitano-base-a1","tag-a1","tag-abc-paulista","tag-caninde","tag-derrota","tag-garotada","tag-leao","tag-lusa","tag-meninos","tag-menores-2","tag-metropolitano","tag-portuguesa","tag-raulzao","tag-sao-caetano","tag-vitorias"],"_links":{"self":[{"href":"https:\/\/www.federacaopaulistadefutsal.com.br\/novo\/wp-json\/wp\/v2\/posts\/10028","targetHints":{"allow":["GET"]}}],"collection":[{"href":"https:\/\/www.federacaopaulistadefutsal.com.br\/novo\/wp-json\/wp\/v2\/posts"}],"about":[{"href":"https:\/\/www.federacaopaulistadefutsal.com.br\/novo\/wp-json\/wp\/v2\/types\/post"}],"author":[{"embeddable":true,"href":"https:\/\/www.federacaopaulistadefutsal.com.br\/novo\/wp-json\/wp\/v2\/users\/1"}],"replies":[{"embeddable":true,"href":"https:\/\/www.federacaopaulistadefutsal.com.br\/novo\/wp-json\/wp\/v2\/comments?post=10028"}],"version-history":[{"count":0,"href":"https:\/\/www.federacaopaulistadefutsal.com.br\/novo\/wp-json\/wp\/v2\/posts\/10028\/revisions"}],"wp:featuredmedia":[{"embeddable":true,"href":"https:\/\/www.federacaopaulistadefutsal.com.br\/novo\/wp-json\/"}],"wp:attachment":[{"href":"https:\/\/www.federacaopaulistadefutsal.com.br\/novo\/wp-json\/wp\/v2\/media?parent=10028"}],"wp:term":[{"taxonomy":"category","embeddable":true,"href":"https:\/\/www.federacaopaulistadefutsal.com.br\/novo\/wp-json\/wp\/v2\/categories?post=10028"},{"taxonomy":"post_tag","embeddable":true,"href":"https:\/\/www.federacaopaulistadefutsal.com.br\/novo\/wp-json\/wp\/v2\/tags?post=10028"}],"curies":[{"name":"wp","href":"https:\/\/api.w.org\/{rel}","templated":true}]}}