{"id":10041,"date":"2016-04-06T10:22:55","date_gmt":"2016-04-06T10:22:55","guid":{"rendered":"http:\/\/www.federacaopaulistadefutsal.com.br\/?p=10041"},"modified":"2016-04-06T10:22:55","modified_gmt":"2016-04-06T10:22:55","slug":"jogadores-de-dracena-pulo-sao-jose-e-sorocaba-formam-selecao-da-rodada","status":"publish","type":"post","link":"https:\/\/www.federacaopaulistadefutsal.com.br\/novo\/jogadores-de-dracena-pulo-sao-jose-e-sorocaba-formam-selecao-da-rodada\/","title":{"rendered":"Jogadores de Dracena, Pulo, S\u00e3o Jos\u00e9 e Sorocaba formam sele\u00e7\u00e3o da rodada"},"content":{"rendered":"<p>&nbsp;<br \/>\nNa \u00faltima ter\u00e7a-feira (05), a Liga Paulista de Futsal, ap\u00f3s os jogos entre os dias 28 de mar\u00e7o e 1\u00ba de abril, anunciou a sele\u00e7\u00e3o da rodada da LPF. O time de selecion\u00e1veis \u00e9 composto por jogadores das seguintes equipes: Dracena, Pulo do Gato, S\u00e3o Jos\u00e9 e, por fim, Sorocaba; confira a lista!<br \/>\nA equipe da semana da Liga Paulista &#8220;vai&#8221; \u00e0 quadra com: o goleiro Tiago, do Sorocaba e da Sele\u00e7\u00e3o Brasileira de Futsal, o fixo &#8220;Pixote&#8221;, tamb\u00e9m do time sorocabano, os alas Johnny, do S\u00e3o Jos\u00e9, e Leandro Borges, do Dracena, e mais \u00e0 frente, o piv\u00f4 &#8220;Guilherm\u00e3o&#8221;, do Pulo do Gato, de Campinas-SP.<br \/>\n<strong>A sele\u00e7\u00e3o da primeira rodada da LPF<\/strong><br \/>\nRepresentada por jogadores de\u00a0A.A.B.B., A.A. FIB, de Bauru-SP, Corinthians, S\u00e3o Jos\u00e9 e, por fim, Sorocaba, os &#8220;cinco mais&#8221; da Liga Paulista, na primeira rodada, foram:\u00a0Guitta, goleiro do alvinegro do Parque S\u00e3o Jorge, atual campe\u00e3o da competi\u00e7\u00e3o estadual, o fixo &#8220;Neguinho&#8221;, do time de Falc\u00e3o, Cris, ala da A.A.B.B., e Johnny, piv\u00f4 do clube joseense.<br \/>\n&nbsp;<br \/>\nPor Assessoria FPFS<br \/>\nCom informa\u00e7\u00f5es: Liga Paulista de Futsal (LPF)<br \/>\nImagem: Divulga\u00e7\u00e3o\/Liga Paulista de Futsal (LPF)<\/p>\n","protected":false},"excerpt":{"rendered":"<p>&nbsp; Na \u00faltima ter\u00e7a-feira (05), a Liga Paulista de Futsal, ap\u00f3s os jogos entre os dias 28 de mar\u00e7o e<\/p>\n","protected":false},"author":1,"featured_media":10049,"comment_status":"closed","ping_status":"open","sticky":false,"template":"","format":"standard","meta":{"footnotes":""},"categories":[25,29,31,32],"tags":[310,829,877,1413,1525,1556,1999,2198,2226,2239,2325,2460],"class_list":["post-10041","post","type-post","status-publish","format-standard","has-post-thumbnail","hentry","category-destaques","category-interior","category-liga-paulista-de-futsal","category-maiores","tag-atletas","tag-destaques","tag-dracena","tag-jogadores","tag-liga-paulista","tag-lpf","tag-pulo-do-gato","tag-sao-jose","tag-segunda-rodada","tag-selecao","tag-sorocaba","tag-time-da-semana"],"_links":{"self":[{"href":"https:\/\/www.federacaopaulistadefutsal.com.br\/novo\/wp-json\/wp\/v2\/posts\/10041","targetHints":{"allow":["GET"]}}],"collection":[{"href":"https:\/\/www.federacaopaulistadefutsal.com.br\/novo\/wp-json\/wp\/v2\/posts"}],"about":[{"href":"https:\/\/www.federacaopaulistadefutsal.com.br\/novo\/wp-json\/wp\/v2\/types\/post"}],"author":[{"embeddable":true,"href":"https:\/\/www.federacaopaulistadefutsal.com.br\/novo\/wp-json\/wp\/v2\/users\/1"}],"replies":[{"embeddable":true,"href":"https:\/\/www.federacaopaulistadefutsal.com.br\/novo\/wp-json\/wp\/v2\/comments?post=10041"}],"version-history":[{"count":0,"href":"https:\/\/www.federacaopaulistadefutsal.com.br\/novo\/wp-json\/wp\/v2\/posts\/10041\/revisions"}],"wp:featuredmedia":[{"embeddable":true,"href":"https:\/\/www.federacaopaulistadefutsal.com.br\/novo\/wp-json\/"}],"wp:attachment":[{"href":"https:\/\/www.federacaopaulistadefutsal.com.br\/novo\/wp-json\/wp\/v2\/media?parent=10041"}],"wp:term":[{"taxonomy":"category","embeddable":true,"href":"https:\/\/www.federacaopaulistadefutsal.com.br\/novo\/wp-json\/wp\/v2\/categories?post=10041"},{"taxonomy":"post_tag","embeddable":true,"href":"https:\/\/www.federacaopaulistadefutsal.com.br\/novo\/wp-json\/wp\/v2\/tags?post=10041"}],"curies":[{"name":"wp","href":"https:\/\/api.w.org\/{rel}","templated":true}]}}