{"id":10083,"date":"2016-04-07T14:10:14","date_gmt":"2016-04-07T14:10:14","guid":{"rendered":"http:\/\/www.federacaopaulistadefutsal.com.br\/?p=10083"},"modified":"2016-04-07T14:10:14","modified_gmt":"2016-04-07T14:10:14","slug":"itaquerense-encara-penha-e-santos-em-rodada-dupla-no-metropolitano","status":"publish","type":"post","link":"https:\/\/www.federacaopaulistadefutsal.com.br\/novo\/itaquerense-encara-penha-e-santos-em-rodada-dupla-no-metropolitano\/","title":{"rendered":"Itaquerense encara Penha e Santos em rodada dupla no Metropolitano"},"content":{"rendered":"<p>&nbsp;<br \/>\nNo pr\u00f3ximo final de semana, s\u00e1bado (09) e domingo (10), as equipes de menores do Elite Itaquerense v\u00e3o encarar C.E. da Penha e Santos, respectivamente. As partidas, v\u00e1lidas pelo Campeonato Metropolitano e que acontecem nos gin\u00e1sios Presidente Ciro II, da FPFS, e Jabaquara, ser\u00e3o pelas seguintes categorias: sub-10, 12, 14, 16 e, por fim, 17.<br \/>\n<strong>&#8220;Raio X&#8221; do Elite Itaquerense no Campeonato Metropolitano\u00a0<\/strong><br \/>\nPela categoria sub-10, o Elite est\u00e1 na\u00a021\u00aa coloca\u00e7\u00e3o na classifica\u00e7\u00e3o geral da competi\u00e7\u00e3o, e, em tr\u00eas jogos disputados, ainda n\u00e3o venceu nem somou pontos. J\u00e1 o sub-12, vem uma posi\u00e7\u00e3o abaixo, em 22\u00ba, sem vit\u00f3rias ou empates pelo Metropolitano.<br \/>\nOs garotos da sub-14, diferentemente das j\u00e1 citadas, somam quatro pontos, divididos em uma vit\u00f3ria e um empate, ocupando a 14\u00aa posi\u00e7\u00e3o. Pelo sub-16, o Itaquerense, com um empate e duas derrotas, est\u00e1 em\u00a018\u00ba lugar e tem apenas um pontinho.<br \/>\nA situa\u00e7\u00e3o do time sub-17 do Elite n\u00e3o \u00e9 t\u00e3o diferente da dos demais, pois, tamb\u00e9m na 18\u00aa coloca\u00e7\u00e3o, soma tr\u00eas pontos, divididos em uma vit\u00f3ria e duas derrotas. E agora, diante de Penha e Santos, os itaquerenses v\u00e3o em busca, em todas as categorias, da reabilita\u00e7\u00e3o no Campeonato Metropolitano, torneio realizado\u00a0pela Federa\u00e7\u00e3o Paulista de Futsal (FPFS).<br \/>\n&nbsp;<br \/>\nPor Assessoria FPFS<br \/>\nCom informa\u00e7\u00f5es e foto: Luiz Carlos Cesar\/Elite Itaquerense<br \/>\n&nbsp;<br \/>\n&nbsp;<\/p>\n","protected":false},"excerpt":{"rendered":"<p>&nbsp; No pr\u00f3ximo final de semana, s\u00e1bado (09) e domingo (10), as equipes de menores do Elite Itaquerense v\u00e3o encarar<\/p>\n","protected":false},"author":1,"featured_media":10085,"comment_status":"closed","ping_status":"open","sticky":false,"template":"","format":"standard","meta":{"footnotes":""},"categories":[33,12],"tags":[123,606,871,919,1072,42,1366,1367,1377,1424,1643,1650,1859,2035,2160,2183],"class_list":["post-10083","post","type-post","status-publish","format-standard","has-post-thumbnail","hentry","category-menores","category-metropolitano-base-a1","tag-a1","tag-ciro-ii","tag-domingo","tag-elite","tag-final-de-semana","tag-fpfs","tag-itaquera","tag-itaquerense","tag-jabaquara","tag-jogos","tag-menores-2","tag-metropolitano","tag-penha","tag-reabilitacao","tag-sabado","tag-santos"],"_links":{"self":[{"href":"https:\/\/www.federacaopaulistadefutsal.com.br\/novo\/wp-json\/wp\/v2\/posts\/10083","targetHints":{"allow":["GET"]}}],"collection":[{"href":"https:\/\/www.federacaopaulistadefutsal.com.br\/novo\/wp-json\/wp\/v2\/posts"}],"about":[{"href":"https:\/\/www.federacaopaulistadefutsal.com.br\/novo\/wp-json\/wp\/v2\/types\/post"}],"author":[{"embeddable":true,"href":"https:\/\/www.federacaopaulistadefutsal.com.br\/novo\/wp-json\/wp\/v2\/users\/1"}],"replies":[{"embeddable":true,"href":"https:\/\/www.federacaopaulistadefutsal.com.br\/novo\/wp-json\/wp\/v2\/comments?post=10083"}],"version-history":[{"count":0,"href":"https:\/\/www.federacaopaulistadefutsal.com.br\/novo\/wp-json\/wp\/v2\/posts\/10083\/revisions"}],"wp:featuredmedia":[{"embeddable":true,"href":"https:\/\/www.federacaopaulistadefutsal.com.br\/novo\/wp-json\/"}],"wp:attachment":[{"href":"https:\/\/www.federacaopaulistadefutsal.com.br\/novo\/wp-json\/wp\/v2\/media?parent=10083"}],"wp:term":[{"taxonomy":"category","embeddable":true,"href":"https:\/\/www.federacaopaulistadefutsal.com.br\/novo\/wp-json\/wp\/v2\/categories?post=10083"},{"taxonomy":"post_tag","embeddable":true,"href":"https:\/\/www.federacaopaulistadefutsal.com.br\/novo\/wp-json\/wp\/v2\/tags?post=10083"}],"curies":[{"name":"wp","href":"https:\/\/api.w.org\/{rel}","templated":true}]}}