{"id":10124,"date":"2016-04-09T19:39:01","date_gmt":"2016-04-09T19:39:01","guid":{"rendered":"http:\/\/www.federacaopaulistadefutsal.com.br\/?p=10124"},"modified":"2016-04-09T19:39:01","modified_gmt":"2016-04-09T19:39:01","slug":"no-abc-corinthians-faz-cinco-no-sao-caetano-futsal-pela-liga-paulista","status":"publish","type":"post","link":"https:\/\/www.federacaopaulistadefutsal.com.br\/novo\/no-abc-corinthians-faz-cinco-no-sao-caetano-futsal-pela-liga-paulista\/","title":{"rendered":"No ABC, Corinthians faz cinco no S\u00e3o Caetano Futsal pela Liga Paulista"},"content":{"rendered":"<p>&nbsp;<br \/>\nNa noite da \u00faltima sexta-feira (08), o Corinthians encarou o S\u00e3o Caetano Futsal, fora de casa, no gin\u00e1sio Joaquim Camba\u00fava Rabello. No ABC paulista, em partida v\u00e1lida pela LPF, o alvinegro bateu os mandantes por goleada de 5 a 0 e, com o resultado, segue invicto na competi\u00e7\u00e3o estadual.<br \/>\nOs gols da vit\u00f3ria do &#8220;Time do povo&#8221;, na primeira etapa, foram marcados por Rocha, Vander Carioca e Edgar. No segundo tempo, Deives, camisa 10, e Pepita, uns dos remanescentes da temporada passada, foram pra rede, decretando o placar &#8220;el\u00e1stico&#8221;.<br \/>\nAgora, o Corinthians concentra suas for\u00e7as e aten\u00e7\u00f5es na Liga Nacional, e enfrentar\u00e1, na pr\u00f3xima sexta-feira (15), o Tubar\u00e3o Futsal (SC), \u00e0s 20h15, em Santa Catarina. J\u00e1 o &#8220;Azul\u00e3o&#8221; do ABC, depois da derrota, medir\u00e1 for\u00e7as com a A.D. Yoka na quinta (14), a partir das 20h00, no gin\u00e1sio do Itaguar\u00e1 Country Clube, em Guaratinguet\u00e1-SP; o jogo \u00e9 v\u00e1lido pela LPF.<br \/>\n&nbsp;<br \/>\nPor Assessoria FPFS<br \/>\nCom informa\u00e7\u00f5es: Liga Paulista de Futsal (LPF)<br \/>\nFoto: Divulga\u00e7\u00e3o\/ Ulisses Castro\/ACBF<br \/>\n&nbsp;<\/p>\n","protected":false},"excerpt":{"rendered":"<p>&nbsp; Na noite da \u00faltima sexta-feira (08), o Corinthians encarou o S\u00e3o Caetano Futsal, fora de casa, no gin\u00e1sio Joaquim<\/p>\n","protected":false},"author":1,"featured_media":10125,"comment_status":"closed","ping_status":"open","sticky":false,"template":"","format":"standard","meta":{"footnotes":""},"categories":[25,31,32],"tags":[138,203,597,734,1103,1201,1525,1556,2189,2457,2603],"class_list":["post-10124","post","type-post","status-publish","format-standard","has-post-thumbnail","hentry","category-destaques","category-liga-paulista-de-futsal","category-maiores","tag-abc-paulista","tag-alvinegro","tag-cinco","tag-corinthians","tag-fora-de-casa","tag-goleada","tag-liga-paulista","tag-lpf","tag-sao-caetano","tag-timao","tag-vitoria"],"_links":{"self":[{"href":"https:\/\/www.federacaopaulistadefutsal.com.br\/novo\/wp-json\/wp\/v2\/posts\/10124","targetHints":{"allow":["GET"]}}],"collection":[{"href":"https:\/\/www.federacaopaulistadefutsal.com.br\/novo\/wp-json\/wp\/v2\/posts"}],"about":[{"href":"https:\/\/www.federacaopaulistadefutsal.com.br\/novo\/wp-json\/wp\/v2\/types\/post"}],"author":[{"embeddable":true,"href":"https:\/\/www.federacaopaulistadefutsal.com.br\/novo\/wp-json\/wp\/v2\/users\/1"}],"replies":[{"embeddable":true,"href":"https:\/\/www.federacaopaulistadefutsal.com.br\/novo\/wp-json\/wp\/v2\/comments?post=10124"}],"version-history":[{"count":0,"href":"https:\/\/www.federacaopaulistadefutsal.com.br\/novo\/wp-json\/wp\/v2\/posts\/10124\/revisions"}],"wp:featuredmedia":[{"embeddable":true,"href":"https:\/\/www.federacaopaulistadefutsal.com.br\/novo\/wp-json\/"}],"wp:attachment":[{"href":"https:\/\/www.federacaopaulistadefutsal.com.br\/novo\/wp-json\/wp\/v2\/media?parent=10124"}],"wp:term":[{"taxonomy":"category","embeddable":true,"href":"https:\/\/www.federacaopaulistadefutsal.com.br\/novo\/wp-json\/wp\/v2\/categories?post=10124"},{"taxonomy":"post_tag","embeddable":true,"href":"https:\/\/www.federacaopaulistadefutsal.com.br\/novo\/wp-json\/wp\/v2\/tags?post=10124"}],"curies":[{"name":"wp","href":"https:\/\/api.w.org\/{rel}","templated":true}]}}