{"id":10128,"date":"2016-04-10T08:45:26","date_gmt":"2016-04-10T08:45:26","guid":{"rendered":"http:\/\/www.federacaopaulistadefutsal.com.br\/?p=10128"},"modified":"2016-04-10T08:45:26","modified_gmt":"2016-04-10T08:45:26","slug":"fora-de-casa-orlandia-vence-dracena-futsal-pela-liga-paulista","status":"publish","type":"post","link":"https:\/\/www.federacaopaulistadefutsal.com.br\/novo\/fora-de-casa-orlandia-vence-dracena-futsal-pela-liga-paulista\/","title":{"rendered":"Fora de casa, Orl\u00e2ndia vence Dracena Futsal pela Liga Paulista"},"content":{"rendered":"<p>&nbsp;<br \/>\nNa noite da \u00faltima sexta-feira (08), jogando fora de casa, a ADC Intelli\/Orl\u00e2ndia encarou o Dracena Futsal no gin\u00e1sio Alaor Ferrari, em partida v\u00e1lida pela Liga Paulista. O time orlandino, em busca da reabilita\u00e7\u00e3o no torneio, bateu o dracenense pelo placar de 3 a 2.<br \/>\nOs gols da vit\u00f3ria do Orl\u00e2ndia foram marcados por Edson, no primeiro tempo, e Jackson, o &#8220;Samurai&#8221;, na segunda etapa e que garantiram a virada da equipe gren\u00e1, que estava atr\u00e1s do marcador. Para os mandantes, Leandrinho, em duas oportunidades bem conclu\u00eddas, balan\u00e7ou a rede da Intelli.<br \/>\nAgora, ap\u00f3s vencer o Dracena no Alaor Ferrari, o time orlandino medir\u00e1 for\u00e7as com a A.D. Indaiatuba no dia 20 de abril, diante de sua torcida, a partir das 20h15, no gin\u00e1sio Maur\u00edcio Leite de Moraes, em Orl\u00e2ndia-SP. J\u00e1 a equipe dracenense, depois do resultado adverso, vai receber a A.A.B.B. em seus dom\u00ednios na pr\u00f3xima sexta-feira (15), \u00e0s 20h30; ambos os jogos s\u00e3o v\u00e1lidos pela Liga Paulista de Futsal (LPF).<br \/>\n&nbsp;<br \/>\nPor Assessoria FPFS<br \/>\nCom informa\u00e7\u00f5es e foto: Carlos Silva\/ADC Intelli<\/p>\n","protected":false},"excerpt":{"rendered":"<p>&nbsp; Na noite da \u00faltima sexta-feira (08), jogando fora de casa, a ADC Intelli\/Orl\u00e2ndia encarou o Dracena Futsal no gin\u00e1sio<\/p>\n","protected":false},"author":1,"featured_media":10129,"comment_status":"closed","ping_status":"open","sticky":false,"template":"","format":"standard","meta":{"footnotes":""},"categories":[29,31,32],"tags":[877,881,1103,1323,1383,1525,1556,1789,1791,2170,2603],"class_list":["post-10128","post","type-post","status-publish","format-standard","has-post-thumbnail","hentry","category-interior","category-liga-paulista-de-futsal","category-maiores","tag-dracena","tag-dracenenses","tag-fora-de-casa","tag-intelli","tag-jackson","tag-liga-paulista","tag-lpf","tag-orlandia","tag-orlandinos","tag-samurai","tag-vitoria"],"_links":{"self":[{"href":"https:\/\/www.federacaopaulistadefutsal.com.br\/novo\/wp-json\/wp\/v2\/posts\/10128","targetHints":{"allow":["GET"]}}],"collection":[{"href":"https:\/\/www.federacaopaulistadefutsal.com.br\/novo\/wp-json\/wp\/v2\/posts"}],"about":[{"href":"https:\/\/www.federacaopaulistadefutsal.com.br\/novo\/wp-json\/wp\/v2\/types\/post"}],"author":[{"embeddable":true,"href":"https:\/\/www.federacaopaulistadefutsal.com.br\/novo\/wp-json\/wp\/v2\/users\/1"}],"replies":[{"embeddable":true,"href":"https:\/\/www.federacaopaulistadefutsal.com.br\/novo\/wp-json\/wp\/v2\/comments?post=10128"}],"version-history":[{"count":0,"href":"https:\/\/www.federacaopaulistadefutsal.com.br\/novo\/wp-json\/wp\/v2\/posts\/10128\/revisions"}],"wp:featuredmedia":[{"embeddable":true,"href":"https:\/\/www.federacaopaulistadefutsal.com.br\/novo\/wp-json\/"}],"wp:attachment":[{"href":"https:\/\/www.federacaopaulistadefutsal.com.br\/novo\/wp-json\/wp\/v2\/media?parent=10128"}],"wp:term":[{"taxonomy":"category","embeddable":true,"href":"https:\/\/www.federacaopaulistadefutsal.com.br\/novo\/wp-json\/wp\/v2\/categories?post=10128"},{"taxonomy":"post_tag","embeddable":true,"href":"https:\/\/www.federacaopaulistadefutsal.com.br\/novo\/wp-json\/wp\/v2\/tags?post=10128"}],"curies":[{"name":"wp","href":"https:\/\/api.w.org\/{rel}","templated":true}]}}