{"id":10237,"date":"2016-04-14T10:00:29","date_gmt":"2016-04-14T10:00:29","guid":{"rendered":"http:\/\/www.federacaopaulistadefutsal.com.br\/?p=10237"},"modified":"2016-04-14T10:00:29","modified_gmt":"2016-04-14T10:00:29","slug":"ex-jacarei-alapivo-rodrigo-e-o-novo-reforco-do-sao-jose-futsal","status":"publish","type":"post","link":"https:\/\/www.federacaopaulistadefutsal.com.br\/novo\/ex-jacarei-alapivo-rodrigo-e-o-novo-reforco-do-sao-jose-futsal\/","title":{"rendered":"Ex-Jacare\u00ed, ala\/piv\u00f4 Rodrigo \u00e9 o novo refor\u00e7o do S\u00e3o Jos\u00e9 Futsal"},"content":{"rendered":"<p>&nbsp;<\/p>\n<p class=\"western\">Na \u00faltima quinta-feira (14), a diretoria do S\u00e3o Jos\u00e9 Futsal, equipe que disputa as Ligas Paulista e Nacional neste ano, anunciou a contrata\u00e7\u00e3o de novo ala para o elenco. Trata-se de Rodrigo, ex-Jacare\u00ed, jogador que tamb\u00e9m atua como piv\u00f4 nas quatro linhas; ele j\u00e1 est\u00e1 em S\u00e3o Jos\u00e9 dos Campos-SP para realizar exames m\u00e9dicos.<\/p>\n<p class=\"western\">Com a chegada de Rodrigo, o time joseense, ao todo, trouxe dez atletas para o grupo de 2016. Invicta na LPF, a equipe do Vale do Para\u00edba conta, em quadra, com os seguintes jogadores: Bruno Lamb\u00e3o, Raul, Allan, Gui, Mimi Silva, Johnny, Betinho, Felipinho, Vin\u00edcius, Vandinho, William Carioca, Ferrugem, L\u00e9o, Henrique, Wilsinho, Rafael e Ga\u00facho; e agora, o ala.<\/p>\n<p class=\"western\">Sobre o fato de poder vestir a camisa do S\u00e3o Jos\u00e9, o ala declarou o seguinte:\u00a0<strong>&#8220;Estou muito feliz de ter acertado com o S\u00e3o Jos\u00e9. \u00c9 um sonho disputar uma Liga Nacional, e eu vou fazer o meu melhor para ajudar a equipe daqui pra frente&#8221;,<\/strong> disse o tamb\u00e9m piv\u00f4.<\/p>\n<p class=\"western\"><strong>Ficha t\u00e9cnica<\/strong><\/p>\n<p class=\"western\"><strong>Nome:<\/strong> Rodrigo Gomes Silveira (Rodrigo)<\/p>\n<p class=\"western\"><strong>Posi\u00e7\u00e3o:<\/strong> Ala\/piv\u00f4<\/p>\n<p class=\"western\"><strong>Data de nascimento:<\/strong> 03\/03\/1992<\/p>\n<p class=\"western\"><strong>Principais equipes:<\/strong> Minas, Mogi e Jacarei<\/p>\n<p class=\"western\">Por Assessoria FPFS<\/p>\n<p class=\"western\">Com informa\u00e7\u00f5es: Brenno Domingues\/Quarttus Marketing<\/p>\n<p class=\"western\">Foto: Divulga\u00e7\u00e3o\/Quarttus Marketing<\/p>\n","protected":false},"excerpt":{"rendered":"<p>&nbsp; Na \u00faltima quinta-feira (14), a diretoria do S\u00e3o Jos\u00e9 Futsal, equipe que disputa as Ligas Paulista e Nacional neste<\/p>\n","protected":false},"author":1,"featured_media":10239,"comment_status":"closed","ping_status":"open","sticky":false,"template":"","format":"standard","meta":{"footnotes":""},"categories":[29,32],"tags":[190,689,691,854,1380,1447,1645,1719,1891,2062,2136,2198,2548],"class_list":["post-10237","post","type-post","status-publish","format-standard","has-post-thumbnail","hentry","category-interior","category-maiores","tag-ala","tag-contratacao","tag-contrato","tag-diretoria","tag-jacarei","tag-joseenses","tag-mercado","tag-negociacoes","tag-pivo","tag-reforco","tag-rodrigo","tag-sao-jose","tag-vale-do-paraiba"],"_links":{"self":[{"href":"https:\/\/www.federacaopaulistadefutsal.com.br\/novo\/wp-json\/wp\/v2\/posts\/10237","targetHints":{"allow":["GET"]}}],"collection":[{"href":"https:\/\/www.federacaopaulistadefutsal.com.br\/novo\/wp-json\/wp\/v2\/posts"}],"about":[{"href":"https:\/\/www.federacaopaulistadefutsal.com.br\/novo\/wp-json\/wp\/v2\/types\/post"}],"author":[{"embeddable":true,"href":"https:\/\/www.federacaopaulistadefutsal.com.br\/novo\/wp-json\/wp\/v2\/users\/1"}],"replies":[{"embeddable":true,"href":"https:\/\/www.federacaopaulistadefutsal.com.br\/novo\/wp-json\/wp\/v2\/comments?post=10237"}],"version-history":[{"count":0,"href":"https:\/\/www.federacaopaulistadefutsal.com.br\/novo\/wp-json\/wp\/v2\/posts\/10237\/revisions"}],"wp:featuredmedia":[{"embeddable":true,"href":"https:\/\/www.federacaopaulistadefutsal.com.br\/novo\/wp-json\/"}],"wp:attachment":[{"href":"https:\/\/www.federacaopaulistadefutsal.com.br\/novo\/wp-json\/wp\/v2\/media?parent=10237"}],"wp:term":[{"taxonomy":"category","embeddable":true,"href":"https:\/\/www.federacaopaulistadefutsal.com.br\/novo\/wp-json\/wp\/v2\/categories?post=10237"},{"taxonomy":"post_tag","embeddable":true,"href":"https:\/\/www.federacaopaulistadefutsal.com.br\/novo\/wp-json\/wp\/v2\/tags?post=10237"}],"curies":[{"name":"wp","href":"https:\/\/api.w.org\/{rel}","templated":true}]}}