{"id":10278,"date":"2016-04-15T14:00:44","date_gmt":"2016-04-15T14:00:44","guid":{"rendered":"http:\/\/www.federacaopaulistadefutsal.com.br\/?p=10278"},"modified":"2016-04-15T14:00:44","modified_gmt":"2016-04-15T14:00:44","slug":"contra-marilia-sao-jose-busca-manter-invencibilidade-no-metropolitano","status":"publish","type":"post","link":"https:\/\/www.federacaopaulistadefutsal.com.br\/novo\/contra-marilia-sao-jose-busca-manter-invencibilidade-no-metropolitano\/","title":{"rendered":"Contra Mar\u00edlia, S\u00e3o Jos\u00e9 busca manter invencibilidade no Metropolitano"},"content":{"rendered":"<p>&nbsp;<br \/>\nNesta sexta-feira (15), em partida v\u00e1lida pela terceira rodada do Campeonato Metropolitano Feminino, o S\u00e3o Jos\u00e9 vai encarar a equipe do Mar\u00edlia, buscando manter a invencibilidade na competi\u00e7\u00e3o. O confronto\u00a0entre as meninas dos times do interior est\u00e1 marcado para acontecer a partir das 19h30, no\u00a0gin\u00e1sio poliesportivo Jos\u00e9 Adailson Vieira Pinto, no Altos de Santana, em S\u00e3o Jos\u00e9 dos Campos-SP.<br \/>\nNo jogo passado, fora de casa, as joseenses venceram a A. Pinhal pelo placar de 2 a 1, com\u00a0gols marcados por Ant\u00f4nia, que balan\u00e7ou a rede duas vezes. J\u00e1 as garotas da equipe mariliense duelaram com o S\u00e3o Caetano e empataram por 3 a 3; Franciele, Andreia e Let\u00edcia fizeram para o Mar\u00edlia.<br \/>\nEm duas partidas disputadas no Metropolitano, o S\u00e3o Jos\u00e9 est\u00e1 na primeira coloca\u00e7\u00e3o, com seis pontos ganhos, divididos em duas vit\u00f3rias. O time da cidade de Mar\u00edlia-SP vem mais atr\u00e1s, na quinta\u00a0posi\u00e7\u00e3o, com um ponto ganho: um empate.<br \/>\nT\u00e9cnico das joseenses, &#8220;Nen\u00ea&#8221; declarou o seguinte sobre a import\u00e2ncia dos confrontos em casa no campeonato:\u00a0<strong>&#8220;A equipe est\u00e1 pronta e dando continuidade no trabalho. O fator &#8216;casa&#8217; \u00e9 primordial para conquistar os tr\u00eas pontos, que ser\u00e1 importante para mantermos a lideran\u00e7a no campeonato&#8221;,\u00a0<\/strong>disse.\u00a0<strong>&#8220;Contamos com a nossa torcida nesta sexta-feira (15), vamos lotar o gin\u00e1sio, e mostrar a nossa for\u00e7a e muita garra dentro de casa&#8221;,\u00a0<\/strong>pediu Sara Soares, goleira da equipe de S\u00e3o Jos\u00e9 dos Campos-SP.<br \/>\n&nbsp;<br \/>\nPor Assessoria FPFS<br \/>\nCom informa\u00e7\u00f5es: Portal R3<br \/>\nFoto: Divulga\u00e7\u00e3o\/ Alex Santos\/S\u00e3o Jos\u00e9 Futsal Feminino<br \/>\n&nbsp;<\/p>\n","protected":false},"excerpt":{"rendered":"<p>&nbsp; Nesta sexta-feira (15), em partida v\u00e1lida pela terceira rodada do Campeonato Metropolitano Feminino, o S\u00e3o Jos\u00e9 vai encarar a<\/p>\n","protected":false},"author":1,"featured_media":10280,"comment_status":"closed","ping_status":"open","sticky":false,"template":"","format":"standard","meta":{"footnotes":""},"categories":[26,29,32,27],"tags":[138,924,1046,1172,1343,1447,1575,1641,1650,1978,2189,2198,2199,2548],"class_list":["post-10278","post","type-post","status-publish","format-standard","has-post-thumbnail","hentry","category-feminino","category-interior","category-maiores","category-metropolitano-feminino","tag-abc-paulista","tag-em-casa","tag-feminino","tag-garotas","tag-invictas","tag-joseenses","tag-maiores","tag-meninas","tag-metropolitano","tag-principal","tag-sao-caetano","tag-sao-jose","tag-sao-jose-dos-campos","tag-vale-do-paraiba"],"_links":{"self":[{"href":"https:\/\/www.federacaopaulistadefutsal.com.br\/novo\/wp-json\/wp\/v2\/posts\/10278","targetHints":{"allow":["GET"]}}],"collection":[{"href":"https:\/\/www.federacaopaulistadefutsal.com.br\/novo\/wp-json\/wp\/v2\/posts"}],"about":[{"href":"https:\/\/www.federacaopaulistadefutsal.com.br\/novo\/wp-json\/wp\/v2\/types\/post"}],"author":[{"embeddable":true,"href":"https:\/\/www.federacaopaulistadefutsal.com.br\/novo\/wp-json\/wp\/v2\/users\/1"}],"replies":[{"embeddable":true,"href":"https:\/\/www.federacaopaulistadefutsal.com.br\/novo\/wp-json\/wp\/v2\/comments?post=10278"}],"version-history":[{"count":0,"href":"https:\/\/www.federacaopaulistadefutsal.com.br\/novo\/wp-json\/wp\/v2\/posts\/10278\/revisions"}],"wp:featuredmedia":[{"embeddable":true,"href":"https:\/\/www.federacaopaulistadefutsal.com.br\/novo\/wp-json\/"}],"wp:attachment":[{"href":"https:\/\/www.federacaopaulistadefutsal.com.br\/novo\/wp-json\/wp\/v2\/media?parent=10278"}],"wp:term":[{"taxonomy":"category","embeddable":true,"href":"https:\/\/www.federacaopaulistadefutsal.com.br\/novo\/wp-json\/wp\/v2\/categories?post=10278"},{"taxonomy":"post_tag","embeddable":true,"href":"https:\/\/www.federacaopaulistadefutsal.com.br\/novo\/wp-json\/wp\/v2\/tags?post=10278"}],"curies":[{"name":"wp","href":"https:\/\/api.w.org\/{rel}","templated":true}]}}