{"id":10292,"date":"2016-04-16T17:14:59","date_gmt":"2016-04-16T17:14:59","guid":{"rendered":"http:\/\/www.federacaopaulistadefutsal.com.br\/?p=10292"},"modified":"2016-04-16T17:14:59","modified_gmt":"2016-04-16T17:14:59","slug":"fora-de-casa-a-a-b-b-consegue-empate-diante-do-dracena-pela-lpf","status":"publish","type":"post","link":"https:\/\/www.federacaopaulistadefutsal.com.br\/novo\/fora-de-casa-a-a-b-b-consegue-empate-diante-do-dracena-pela-lpf\/","title":{"rendered":"Fora de casa, A.A.B.B. consegue empate diante do Dracena pela LPF"},"content":{"rendered":"<p>&nbsp;<br \/>\nNa noite da \u00faltima sexta-feira (15), jogando fora de casa, a A.A.B.B., da capital, encarou o Dracena Futsal, em partida v\u00e1lida pela Liga Paulista. O time azul e branco conseguiu importante resultado, empatando com o dracenense pelo placar de 3 a 3.<br \/>\nOs gols da equipe de S\u00e3o Paulo-SP foram marcados por Victor Mello (2), ex-ala do S\u00e3o Jos\u00e9, e pelo piv\u00f4 Daniel Cearense. Para os mandantes, Leandro Borges e Rick (2) balan\u00e7aram a rede.<br \/>\nCom o resultado, a A.A.B.B. soma quatro pontos ganhos, divididos em uma vit\u00f3ria, um empate e uma derrota, e vem na terceira coloca\u00e7\u00e3o do grupo B da LPF. J\u00e1 o Dracena, que segue sem vencer em seus dom\u00ednios, est\u00e1 logo \u00e0 frente do time da capital (por conta dos crit\u00e9rios de desempate), tamb\u00e9m com quatro pontos: uma vit\u00f3ria, um empate e uma derrota.<br \/>\nAgora, no dia 29 de abril, a equipe azul e branca medir\u00e1 for\u00e7as com o Gr\u00eamio Mogiano, de Mogi das Cruzes-SP, a partir das 19h00, no gin\u00e1sio &#8220;A&#8221; da A.A.B.B., em S\u00e3o Paulo-SP. Fora de casa, os dracenenses v\u00e3o encarar o Sorocaba, do craque Falc\u00e3o, no dia 26, \u00e0s 20h15, no gin\u00e1sio do \u00c9den.<br \/>\n&nbsp;<br \/>\nPor Assessoria FPFS<br \/>\nCom informa\u00e7\u00f5es: Futsal em Pauta<br \/>\nFoto: Divulga\u00e7\u00e3o\/\u00a0Cl\u00e1udio Jos\u00e9 Pasqualeto\/Bastidores da Not\u00edcia<br \/>\n&nbsp;<br \/>\n&nbsp;<\/p>\n","protected":false},"excerpt":{"rendered":"<p>&nbsp; Na noite da \u00faltima sexta-feira (15), jogando fora de casa, a A.A.B.B., da capital, encarou o Dracena Futsal, em<\/p>\n","protected":false},"author":1,"featured_media":10293,"comment_status":"closed","ping_status":"open","sticky":false,"template":"","format":"standard","meta":{"footnotes":""},"categories":[31,32],"tags":[104,509,877,881,929,1334,1418,1525,1556,1841,2134,2207,2492],"class_list":["post-10292","post","type-post","status-publish","format-standard","has-post-thumbnail","hentry","category-liga-paulista-de-futsal","category-maiores","tag-a-a-b-b","tag-capital","tag-dracena","tag-dracenenses","tag-empate","tag-interior","tag-jogo","tag-liga-paulista","tag-lpf","tag-paulistas","tag-rodada","tag-sao-paulo","tag-tres"],"_links":{"self":[{"href":"https:\/\/www.federacaopaulistadefutsal.com.br\/novo\/wp-json\/wp\/v2\/posts\/10292","targetHints":{"allow":["GET"]}}],"collection":[{"href":"https:\/\/www.federacaopaulistadefutsal.com.br\/novo\/wp-json\/wp\/v2\/posts"}],"about":[{"href":"https:\/\/www.federacaopaulistadefutsal.com.br\/novo\/wp-json\/wp\/v2\/types\/post"}],"author":[{"embeddable":true,"href":"https:\/\/www.federacaopaulistadefutsal.com.br\/novo\/wp-json\/wp\/v2\/users\/1"}],"replies":[{"embeddable":true,"href":"https:\/\/www.federacaopaulistadefutsal.com.br\/novo\/wp-json\/wp\/v2\/comments?post=10292"}],"version-history":[{"count":0,"href":"https:\/\/www.federacaopaulistadefutsal.com.br\/novo\/wp-json\/wp\/v2\/posts\/10292\/revisions"}],"wp:featuredmedia":[{"embeddable":true,"href":"https:\/\/www.federacaopaulistadefutsal.com.br\/novo\/wp-json\/"}],"wp:attachment":[{"href":"https:\/\/www.federacaopaulistadefutsal.com.br\/novo\/wp-json\/wp\/v2\/media?parent=10292"}],"wp:term":[{"taxonomy":"category","embeddable":true,"href":"https:\/\/www.federacaopaulistadefutsal.com.br\/novo\/wp-json\/wp\/v2\/categories?post=10292"},{"taxonomy":"post_tag","embeddable":true,"href":"https:\/\/www.federacaopaulistadefutsal.com.br\/novo\/wp-json\/wp\/v2\/tags?post=10292"}],"curies":[{"name":"wp","href":"https:\/\/api.w.org\/{rel}","templated":true}]}}