{"id":10371,"date":"2016-04-21T10:08:43","date_gmt":"2016-04-21T10:08:43","guid":{"rendered":"http:\/\/www.federacaopaulistadefutsal.com.br\/?p=10371"},"modified":"2016-04-21T10:08:43","modified_gmt":"2016-04-21T10:08:43","slug":"jackson-faz-tres-e-orlandia-goleia-indaiatuba-pela-liga-paulista","status":"publish","type":"post","link":"https:\/\/www.federacaopaulistadefutsal.com.br\/novo\/jackson-faz-tres-e-orlandia-goleia-indaiatuba-pela-liga-paulista\/","title":{"rendered":"Jackson faz tr\u00eas, e Orl\u00e2ndia goleia Indaiatuba pela Liga Paulista"},"content":{"rendered":"<p>&nbsp;<br \/>\nNa noite da \u00faltima quarta-feira (20), de volta ao gin\u00e1sio Maur\u00edcio Leite de Moraes, o Orl\u00e2ndia encarou a A.D. Indaiatuba pela Liga Paulista de Futsal (LPF). Comandado pelo t\u00e9cnico Cid\u00e3o, o time orlandino bateu o indaiatubano por goleada de 4 a 0, e o ala Jackson, o &#8220;Samurai&#8221;, balan\u00e7ou a rede tr\u00eas vezes.<br \/>\nNa primeira etapa, a Intelli marcou duas vezes antes do \u00e1rbitro zerar o cron\u00f4metro, faltando dois minutos, em chute forte do ala com a perna esquerda, e a 30 segundos do t\u00e9rmino do primeiro tempo, em jogada de contra-ataque, que Jackson &#8220;soltou o p\u00e9&#8221; para ampliar aos donos da casa. Na segunda, Cabre\u00fava bateu na sa\u00edda do goleiro Mel\u00e3o e fez o terceiro, e novamente o &#8220;Samurai&#8221; marcou, driblando o arqueiro e colocando no fundo da rede.<br \/>\nAgora, no dia 30 de maio, o Orl\u00e2ndia vai encarar o Gr\u00eamio Mogiano, \u00e0s 20h15, em casa, no gin\u00e1sio Maur\u00edcio Leite de Moraes. J\u00e1 o Indaiatuba, ap\u00f3s a derrota, medir\u00e1 for\u00e7as com a A.D. S\u00e3o Bernardo no dia 18, fora de seus dom\u00ednios, a partir das 20h00, no\u00a0Adib Moys\u00e9s Dib, na regi\u00e3o do ABC paulista; ambos os jogos s\u00e3o v\u00e1lidos pela LPF.<br \/>\n&nbsp;<br \/>\nPor Assessoria FPFS<br \/>\nCom informa\u00e7\u00f5es: Futsal em Pauta<br \/>\nFoto: Divulga\u00e7\u00e3o\/ Luan Amaral\/ADC Intelli<br \/>\n&nbsp;<br \/>\n&nbsp;<\/p>\n","protected":false},"excerpt":{"rendered":"<p>&nbsp; Na noite da \u00faltima quarta-feira (20), de volta ao gin\u00e1sio Maur\u00edcio Leite de Moraes, o Orl\u00e2ndia encarou a A.D.<\/p>\n","protected":false},"author":1,"featured_media":10372,"comment_status":"closed","ping_status":"open","sticky":false,"template":"","format":"standard","meta":{"footnotes":""},"categories":[29,31,32],"tags":[190,781,1201,1297,1301,1323,1383,1525,1556,1624,1789,1791,2017,2493],"class_list":["post-10371","post","type-post","status-publish","format-standard","has-post-thumbnail","hentry","category-interior","category-liga-paulista-de-futsal","category-maiores","tag-ala","tag-de-volta","tag-goleada","tag-indaiatuba","tag-indaiatubanos","tag-intelli","tag-jackson","tag-liga-paulista","tag-lpf","tag-mauricio-leite-de-moraes","tag-orlandia","tag-orlandinos","tag-quatro","tag-tres-gols"],"_links":{"self":[{"href":"https:\/\/www.federacaopaulistadefutsal.com.br\/novo\/wp-json\/wp\/v2\/posts\/10371","targetHints":{"allow":["GET"]}}],"collection":[{"href":"https:\/\/www.federacaopaulistadefutsal.com.br\/novo\/wp-json\/wp\/v2\/posts"}],"about":[{"href":"https:\/\/www.federacaopaulistadefutsal.com.br\/novo\/wp-json\/wp\/v2\/types\/post"}],"author":[{"embeddable":true,"href":"https:\/\/www.federacaopaulistadefutsal.com.br\/novo\/wp-json\/wp\/v2\/users\/1"}],"replies":[{"embeddable":true,"href":"https:\/\/www.federacaopaulistadefutsal.com.br\/novo\/wp-json\/wp\/v2\/comments?post=10371"}],"version-history":[{"count":0,"href":"https:\/\/www.federacaopaulistadefutsal.com.br\/novo\/wp-json\/wp\/v2\/posts\/10371\/revisions"}],"wp:featuredmedia":[{"embeddable":true,"href":"https:\/\/www.federacaopaulistadefutsal.com.br\/novo\/wp-json\/"}],"wp:attachment":[{"href":"https:\/\/www.federacaopaulistadefutsal.com.br\/novo\/wp-json\/wp\/v2\/media?parent=10371"}],"wp:term":[{"taxonomy":"category","embeddable":true,"href":"https:\/\/www.federacaopaulistadefutsal.com.br\/novo\/wp-json\/wp\/v2\/categories?post=10371"},{"taxonomy":"post_tag","embeddable":true,"href":"https:\/\/www.federacaopaulistadefutsal.com.br\/novo\/wp-json\/wp\/v2\/tags?post=10371"}],"curies":[{"name":"wp","href":"https:\/\/api.w.org\/{rel}","templated":true}]}}