{"id":10389,"date":"2016-04-22T12:00:52","date_gmt":"2016-04-22T12:00:52","guid":{"rendered":"http:\/\/www.federacaopaulistadefutsal.com.br\/?p=10389"},"modified":"2016-04-22T12:00:52","modified_gmt":"2016-04-22T12:00:52","slug":"fora-de-casa-sao-jose-encara-carlos-barbosa-pela-liga-nacional","status":"publish","type":"post","link":"https:\/\/www.federacaopaulistadefutsal.com.br\/novo\/fora-de-casa-sao-jose-encara-carlos-barbosa-pela-liga-nacional\/","title":{"rendered":"Fora de casa, S\u00e3o Jos\u00e9 encara Carlos Barbosa pela Liga Nacional"},"content":{"rendered":"<p>&nbsp;<\/p>\n<p class=\"western\">Nesta sexta-feira (22), em partida v\u00e1lida pela segunda rodada da Liga Nacional de Futsal (LNF), o S\u00e3o Jos\u00e9 vai encarar o Carlos Barbosa, do Rio Grande do Sul, atual campe\u00e3o da competi\u00e7\u00e3o. O jogo da equipe do Vale do Para\u00edba diante da &#8220;Laranja Mec\u00e2nica&#8221; est\u00e1 marcado para acontecer a partir das 20h15, na cidade de Garibaldi-RS.<\/p>\n<p class=\"western\">No jogo passado pelo torneio das quadras, o time joseense perdeu para o Floripa por\u00a04 a 2, em confronto que aconteceu no T\u00eanis Clube, em S\u00e3o Jos\u00e9 dos Campos-SP. Os gols dos mandantes foram marcados por Johnny; j\u00e1 a ACBF mediu for\u00e7as contra o Jaragu\u00e1, de Santa Catarina, e foi derrotada pelo placar\u00a03 a 1.<\/p>\n<p class=\"western\">Em rela\u00e7\u00e3o ao fato do Carlos Barbosa jogar &#8220;longe&#8221; de sua torcida, Guilherme, ala do S\u00e3o Jos\u00e9, acredita que isso possa ajudar o time paulista dentro das quatro linhas: <strong>&#8220;Realmente ficou um pouco melhor para n\u00f3s, j\u00e1 que o fator casa e a torcida s\u00e3o muito interessantes para a equipe de Carlos Barbosa-RS. Mesmo assim, isso n\u00e3o deve influenciar nosso advers\u00e1rio na hora e do jogo e, por isso, viemos preparados e focados para conseguir fazer um bom jogo e sair com o resultado daqui&#8221;,<\/strong> declarou.<\/p>\n<p class=\"western\">Na \u00faltima quinta-feira (21), o elenco joseense, comandado pelo t\u00e9cnico Lucas Chioro, ex-auxiliar de Fernando Ferretti no Corinthians, treinou com bola, se preparando para o duelo de logo mais \u00e0 noite, nesta sexta (22), frente \u00e0 ACBF, no Rio Grande do Sul.<\/p>\n<p class=\"western\">Por Assessoria FPFS<\/p>\n<p class=\"western\">Com informa\u00e7\u00f5es: Brenno Domingues\/Quarttus Marketing<\/p>\n<p class=\"western\">Foto: Divulga\u00e7\u00e3o\/Quarttus Marketing<\/p>\n","protected":false},"excerpt":{"rendered":"<p>&nbsp; Nesta sexta-feira (22), em partida v\u00e1lida pela segunda rodada da Liga Nacional de Futsal (LNF), o S\u00e3o Jos\u00e9 vai<\/p>\n","protected":false},"author":1,"featured_media":10390,"comment_status":"closed","ping_status":"open","sticky":false,"template":"","format":"standard","meta":{"footnotes":""},"categories":[29,30,32],"tags":[151,525,648,1103,1170,1178,1447,1523,1546,1709,1841,2123,2198,2226],"class_list":["post-10389","post","type-post","status-publish","format-standard","has-post-thumbnail","hentry","category-interior","category-liga-nacional-de-futsal","category-maiores","tag-acbf","tag-carlos-barbosa","tag-competicao","tag-fora-de-casa","tag-garibaldi","tag-gauchos","tag-joseenses","tag-liga-nacional","tag-lnf","tag-nacional","tag-paulistas","tag-rio-grande-do-sul","tag-sao-jose","tag-segunda-rodada"],"_links":{"self":[{"href":"https:\/\/www.federacaopaulistadefutsal.com.br\/novo\/wp-json\/wp\/v2\/posts\/10389","targetHints":{"allow":["GET"]}}],"collection":[{"href":"https:\/\/www.federacaopaulistadefutsal.com.br\/novo\/wp-json\/wp\/v2\/posts"}],"about":[{"href":"https:\/\/www.federacaopaulistadefutsal.com.br\/novo\/wp-json\/wp\/v2\/types\/post"}],"author":[{"embeddable":true,"href":"https:\/\/www.federacaopaulistadefutsal.com.br\/novo\/wp-json\/wp\/v2\/users\/1"}],"replies":[{"embeddable":true,"href":"https:\/\/www.federacaopaulistadefutsal.com.br\/novo\/wp-json\/wp\/v2\/comments?post=10389"}],"version-history":[{"count":0,"href":"https:\/\/www.federacaopaulistadefutsal.com.br\/novo\/wp-json\/wp\/v2\/posts\/10389\/revisions"}],"wp:featuredmedia":[{"embeddable":true,"href":"https:\/\/www.federacaopaulistadefutsal.com.br\/novo\/wp-json\/"}],"wp:attachment":[{"href":"https:\/\/www.federacaopaulistadefutsal.com.br\/novo\/wp-json\/wp\/v2\/media?parent=10389"}],"wp:term":[{"taxonomy":"category","embeddable":true,"href":"https:\/\/www.federacaopaulistadefutsal.com.br\/novo\/wp-json\/wp\/v2\/categories?post=10389"},{"taxonomy":"post_tag","embeddable":true,"href":"https:\/\/www.federacaopaulistadefutsal.com.br\/novo\/wp-json\/wp\/v2\/tags?post=10389"}],"curies":[{"name":"wp","href":"https:\/\/api.w.org\/{rel}","templated":true}]}}