{"id":10413,"date":"2016-04-23T14:12:10","date_gmt":"2016-04-23T14:12:10","guid":{"rendered":"http:\/\/www.federacaopaulistadefutsal.com.br\/?p=10413"},"modified":"2016-04-23T14:12:10","modified_gmt":"2016-04-23T14:12:10","slug":"diretoria-do-orlandia-anuncia-contratacao-do-pivo-lukaian-para-temporada","status":"publish","type":"post","link":"https:\/\/www.federacaopaulistadefutsal.com.br\/novo\/diretoria-do-orlandia-anuncia-contratacao-do-pivo-lukaian-para-temporada\/","title":{"rendered":"Diretoria do Orl\u00e2ndia anuncia contrata\u00e7\u00e3o do piv\u00f4 Lukaian para temporada"},"content":{"rendered":"<p>&nbsp;<br \/>\nNa \u00faltima sexta-feira (22), a diretoria do Orl\u00e2ndia, equipe do interior de S\u00e3o Paulo, anunciou a contrata\u00e7\u00e3o de novo jogador para a temporada. Trata-se de um &#8220;velho&#8221; conhecido do torcedor orlandino, o piv\u00f4 Lukaian, que j\u00e1 vestiu a camisa da Intelli no ano de 2014; ele dever\u00e1 se apresentar para fazer exames m\u00e9dicos e, em seguida, ao t\u00e9cnico Cid\u00e3o, provavelmente no dia 06 de maio.<br \/>\nSobre a oportunidade de novamente poder atuar pelo time gren\u00e1, o atleta, que no ano passado defendeu o\u00a0Kairat Almaty, do Cazaquist\u00e3o, e o\u00a0Kuwait Club, declarou o seguinte: <strong>&#8220;Minha fam\u00edlia amou a ideia de voltar, todos ficaram radiantes, e eu tamb\u00e9m, \u00e9 claro, fomos muito bem tratados e muito felizes em Orl\u00e2ndia-SP e na Intelli, bom demais retornar&#8221;,<\/strong> disse o piv\u00f4, feliz em estar de volta\u00a0\u00e0 equipe paulista.<br \/>\nPelo Orl\u00e2ndia, Lukaian vestir\u00e1 a camisa 83, mesmo n\u00famero que utilizou h\u00e1 dois anos, e se juntar\u00e1 aos &#8220;colegas&#8221; de posi\u00e7\u00e3o Dieguinho, Douglas, Elisandro e Thiago Cabe\u00e7a, tamb\u00e9m piv\u00f4s nas quatro linhas da quadra. Pela torcida orlandina, o jogador \u00e9 lembrado por conta da atua\u00e7\u00e3o na chamada &#8220;Batalha no Parque S\u00e3o Jorge&#8221;, partida contra o Corinthians, em 2014, e que fez um dos gols da vit\u00f3ria, que garantiu a Intelli na decis\u00e3o da Liga Nacional.<br \/>\n&nbsp;<br \/>\nPor Assessoria FPFS<br \/>\nCom informa\u00e7\u00f5es: Carlos Silva\/ADC Intelli<br \/>\nFoto: Divulga\u00e7\u00e3o\/ M\u00e1rcio Dami\u00e3o\/ADC Intelli<br \/>\n&nbsp;<br \/>\n&nbsp;<br \/>\n&nbsp;<br \/>\n&nbsp;<\/p>\n","protected":false},"excerpt":{"rendered":"<p>&nbsp; Na \u00faltima sexta-feira (22), a diretoria do Orl\u00e2ndia, equipe do interior de S\u00e3o Paulo, anunciou a contrata\u00e7\u00e3o de novo<\/p>\n","protected":false},"author":1,"featured_media":10415,"comment_status":"closed","ping_status":"open","sticky":false,"template":"","format":"standard","meta":{"footnotes":""},"categories":[29,32],"tags":[234,308,689,854,940,1323,1409,1565,1645,1719,1789,1791,1891,2062,2322],"class_list":["post-10413","post","type-post","status-publish","format-standard","has-post-thumbnail","hentry","category-interior","category-maiores","tag-anuncia","tag-atleta","tag-contratacao","tag-diretoria","tag-entrevista","tag-intelli","tag-jogador","tag-lukaian","tag-mercado","tag-negociacoes","tag-orlandia","tag-orlandinos","tag-pivo","tag-reforco","tag-sonora"],"_links":{"self":[{"href":"https:\/\/www.federacaopaulistadefutsal.com.br\/novo\/wp-json\/wp\/v2\/posts\/10413","targetHints":{"allow":["GET"]}}],"collection":[{"href":"https:\/\/www.federacaopaulistadefutsal.com.br\/novo\/wp-json\/wp\/v2\/posts"}],"about":[{"href":"https:\/\/www.federacaopaulistadefutsal.com.br\/novo\/wp-json\/wp\/v2\/types\/post"}],"author":[{"embeddable":true,"href":"https:\/\/www.federacaopaulistadefutsal.com.br\/novo\/wp-json\/wp\/v2\/users\/1"}],"replies":[{"embeddable":true,"href":"https:\/\/www.federacaopaulistadefutsal.com.br\/novo\/wp-json\/wp\/v2\/comments?post=10413"}],"version-history":[{"count":0,"href":"https:\/\/www.federacaopaulistadefutsal.com.br\/novo\/wp-json\/wp\/v2\/posts\/10413\/revisions"}],"wp:featuredmedia":[{"embeddable":true,"href":"https:\/\/www.federacaopaulistadefutsal.com.br\/novo\/wp-json\/"}],"wp:attachment":[{"href":"https:\/\/www.federacaopaulistadefutsal.com.br\/novo\/wp-json\/wp\/v2\/media?parent=10413"}],"wp:term":[{"taxonomy":"category","embeddable":true,"href":"https:\/\/www.federacaopaulistadefutsal.com.br\/novo\/wp-json\/wp\/v2\/categories?post=10413"},{"taxonomy":"post_tag","embeddable":true,"href":"https:\/\/www.federacaopaulistadefutsal.com.br\/novo\/wp-json\/wp\/v2\/tags?post=10413"}],"curies":[{"name":"wp","href":"https:\/\/api.w.org\/{rel}","templated":true}]}}