{"id":10559,"date":"2016-04-30T12:37:08","date_gmt":"2016-04-30T12:37:08","guid":{"rendered":"http:\/\/www.federacaopaulistadefutsal.com.br\/?p=10559"},"modified":"2016-04-30T12:37:08","modified_gmt":"2016-04-30T12:37:08","slug":"diante-de-sua-torcida-a-a-b-b-bate-mogiano-na-capital-pela-liga-paulista","status":"publish","type":"post","link":"https:\/\/www.federacaopaulistadefutsal.com.br\/novo\/diante-de-sua-torcida-a-a-b-b-bate-mogiano-na-capital-pela-liga-paulista\/","title":{"rendered":"Diante de sua torcida, A.A.B.B. bate Mogiano na capital pela Liga Paulista"},"content":{"rendered":"<p>&nbsp;<br \/>\nNa noite da \u00faltima sexta-feira (29), jogando diante de sua torcida no gin\u00e1sio &#8220;A&#8221;, a A.A.B.B., de S\u00e3o Paulo-SP, encarou o Gr\u00eamio Mogiano, de Mogi das Cruzes-SP. No jogo, v\u00e1lido pela Liga Paulista de Futsal (LPF), os donos da casa bateram os visitantes pelo placar de 2 a 0.<br \/>\nOs gols da vit\u00f3ria da equipe abebeana foram marcados pelo ala Angelo, que tamb\u00e9m atua como fixo nas quatro linhas da quadra. O jogador foi considerado o melhor atleta da partida, e com os tentos, garantiu tr\u00eas pontos para o time azul e branco.<br \/>\nCom o resultado, a A.A.B.B. assumiu a vice lideran\u00e7a no grupo B da Liga Paulista, e com 7 pontos ganhos, est\u00e1 atr\u00e1s apenas do Sorocaba Futsal, que lidera com 12; os abebeanos, em quatro confrontos disputados, tem duas vit\u00f3rias, um empate e uma derrota. J\u00e1 o Gr\u00eamio de Mogi, ap\u00f3s o placar\u00a0adverso, segue na s\u00e9tima coloca\u00e7\u00e3o na chave, com 2 pontos: dois empates e uma derrota.<br \/>\nAgora, na pr\u00f3xima rodada da LPF, a equipe de S\u00e3o Paulo-SP medir\u00e1 for\u00e7as com o Taubat\u00e9 na pr\u00f3xima sexta-feira (06), fora de casa, a partir das 19h00, no gin\u00e1sio da Vila Aparecida. Buscando subir na tabela de classifica\u00e7\u00e3o, o time mogiano vai receber\u00a0o sorocabano, de Falc\u00e3o, na ter\u00e7a (03), \u00e0s 19h45, no Professor Jos\u00e9 Limongi Sobrinho, o &#8220;Botujuru&#8221;, em Mogi das Cruzes-SP.<br \/>\n&nbsp;<br \/>\nPor Assessoria FPFS<br \/>\nCom informa\u00e7\u00f5es: Liga Paulista de Futsal (LPF)<br \/>\nFoto:\u00a0Reprodu\u00e7\u00e3o\/Futsal em Pauta\/ Renato Albuquerque<\/p>\n","protected":false},"excerpt":{"rendered":"<p>&nbsp; Na noite da \u00faltima sexta-feira (29), jogando diante de sua torcida no gin\u00e1sio &#8220;A&#8221;, a A.A.B.B., de S\u00e3o Paulo-SP,<\/p>\n","protected":false},"author":1,"featured_media":10540,"comment_status":"closed","ping_status":"open","sticky":false,"template":"","format":"standard","meta":{"footnotes":""},"categories":[31,32],"tags":[104,140,225,338,418,509,843,1225,1525,1556,1835,2207,2459,2603],"class_list":["post-10559","post","type-post","status-publish","format-standard","has-post-thumbnail","hentry","category-liga-paulista-de-futsal","category-maiores","tag-a-a-b-b","tag-abebeanos","tag-angelo","tag-azul","tag-branco","tag-capital","tag-diante-da-torcida","tag-gremio-mogiano","tag-liga-paulista","tag-lpf","tag-paulista","tag-sao-paulo","tag-time","tag-vitoria"],"_links":{"self":[{"href":"https:\/\/www.federacaopaulistadefutsal.com.br\/novo\/wp-json\/wp\/v2\/posts\/10559","targetHints":{"allow":["GET"]}}],"collection":[{"href":"https:\/\/www.federacaopaulistadefutsal.com.br\/novo\/wp-json\/wp\/v2\/posts"}],"about":[{"href":"https:\/\/www.federacaopaulistadefutsal.com.br\/novo\/wp-json\/wp\/v2\/types\/post"}],"author":[{"embeddable":true,"href":"https:\/\/www.federacaopaulistadefutsal.com.br\/novo\/wp-json\/wp\/v2\/users\/1"}],"replies":[{"embeddable":true,"href":"https:\/\/www.federacaopaulistadefutsal.com.br\/novo\/wp-json\/wp\/v2\/comments?post=10559"}],"version-history":[{"count":0,"href":"https:\/\/www.federacaopaulistadefutsal.com.br\/novo\/wp-json\/wp\/v2\/posts\/10559\/revisions"}],"wp:featuredmedia":[{"embeddable":true,"href":"https:\/\/www.federacaopaulistadefutsal.com.br\/novo\/wp-json\/"}],"wp:attachment":[{"href":"https:\/\/www.federacaopaulistadefutsal.com.br\/novo\/wp-json\/wp\/v2\/media?parent=10559"}],"wp:term":[{"taxonomy":"category","embeddable":true,"href":"https:\/\/www.federacaopaulistadefutsal.com.br\/novo\/wp-json\/wp\/v2\/categories?post=10559"},{"taxonomy":"post_tag","embeddable":true,"href":"https:\/\/www.federacaopaulistadefutsal.com.br\/novo\/wp-json\/wp\/v2\/tags?post=10559"}],"curies":[{"name":"wp","href":"https:\/\/api.w.org\/{rel}","templated":true}]}}