{"id":10669,"date":"2016-05-05T13:02:49","date_gmt":"2016-05-05T13:02:49","guid":{"rendered":"http:\/\/www.federacaopaulistadefutsal.com.br\/?p=10669"},"modified":"2016-05-05T13:02:49","modified_gmt":"2016-05-05T13:02:49","slug":"fora-de-bauru-sp-a-a-fib-encara-sao-jose-pela-liga-paulista-de-futsal","status":"publish","type":"post","link":"https:\/\/www.federacaopaulistadefutsal.com.br\/novo\/fora-de-bauru-sp-a-a-fib-encara-sao-jose-pela-liga-paulista-de-futsal\/","title":{"rendered":"Fora de Bauru-SP, A.A. FIB encara S\u00e3o Jos\u00e9 pela Liga Paulista de Futsal"},"content":{"rendered":"<p>&nbsp;<br \/>\nAp\u00f3s mais de 20 dias, a A.A. FIB, de Bauru-SP, est\u00e1 de volta \u00e0 Liga Paulista de Futsal (LPF), e desta vez, entrar\u00e1 em quadra contra o S\u00e3o Jos\u00e9. O jogo diante do time joseense est\u00e1 marcado para acontecer na pr\u00f3xima sexta-feira (06), a partir das 20h00, no gin\u00e1sio do T\u00eanis Clube.<br \/>\nEm tr\u00eas confrontos disputados na competi\u00e7\u00e3o, a equipe bauruense tem duas vit\u00f3rias e uma derrota, e no grupo A, ocupa a quarta coloca\u00e7\u00e3o, com quatro pontos ganhos. T\u00e9cnico da A.A. FIB, Everton Carvalho, o &#8220;Alem\u00e3o&#8221;, quer manter o time entre os primeiros na chave: <strong>&#8220;O\u00a0nosso objetivo \u00e9 conquistar uma vaga na segunda fase e voltaremos muito dispostos em nos manter na zona de classifica\u00e7\u00e3o&#8221;,<\/strong> declarou o treinador.<br \/>\nNo \u00faltimo jogo pela LPF, a A.A. FIB mediu for\u00e7as com o Atl\u00e9tico Guarulhense, e fora de casa, no C\u00e9u Cumbica, venceu por goleada de 7 a 1. O\u00a0time joseense, diante do S\u00e3o Caetano no gin\u00e1sio Joaquim Camba\u00fava Rabello, na regi\u00e3o do ABC paulista, bateu os mandantes pelo placar de 3 a 1.<br \/>\nVice-l\u00edder no grupo A, o S\u00e3o Jos\u00e9, que soma 13 pontos, divididos em quatro vit\u00f3rias e um empate, est\u00e1 atr\u00e1s apenas do Corinthians, que lidera com 17. Sobre o advers\u00e1rio do Vale do Para\u00edba, &#8220;Alem\u00e3o&#8221; disse o seguinte: <strong>&#8220;Nosso pr\u00f3ximo advers\u00e1rio participa da Liga Nacional, tem uma das melhores comiss\u00f5es t\u00e9cnicas do Brasil, e um elenco excelente e ainda joga em casa. Sabemos de todas as dificuldades que vamos encontrar, mas tentaremos apresentar um futsal de qualidade para manter o bom retrospecto que alcan\u00e7amos como visitantes&#8221;,<\/strong> finalizou o t\u00e9cnico.<br \/>\n&nbsp;<br \/>\nPor Assessoria FPFS<br \/>\nCom informa\u00e7\u00f5es e foto: Rafael Peloso\/A.A. FIB<br \/>\n&nbsp;<br \/>\n&nbsp;<br \/>\n&nbsp;<\/p>\n","protected":false},"excerpt":{"rendered":"<p>&nbsp; Ap\u00f3s mais de 20 dias, a A.A. FIB, de Bauru-SP, est\u00e1 de volta \u00e0 Liga Paulista de Futsal (LPF),<\/p>\n","protected":false},"author":1,"featured_media":10671,"comment_status":"closed","ping_status":"open","sticky":false,"template":"","format":"standard","meta":{"footnotes":""},"categories":[29,31,32],"tags":[99,196,367,369,648,781,940,1447,1525,1556,2198,2300,2323,2422,2434,2485,2548],"class_list":["post-10669","post","type-post","status-publish","format-standard","has-post-thumbnail","hentry","category-interior","category-liga-paulista-de-futsal","category-maiores","tag-a-a-fib","tag-alemao","tag-bauru","tag-bauruenses","tag-competicao","tag-de-volta","tag-entrevista","tag-joseenses","tag-liga-paulista","tag-lpf","tag-sao-jose","tag-sexta","tag-sonoras","tag-tecnico","tag-tenis-clube","tag-treinador","tag-vale-do-paraiba"],"_links":{"self":[{"href":"https:\/\/www.federacaopaulistadefutsal.com.br\/novo\/wp-json\/wp\/v2\/posts\/10669","targetHints":{"allow":["GET"]}}],"collection":[{"href":"https:\/\/www.federacaopaulistadefutsal.com.br\/novo\/wp-json\/wp\/v2\/posts"}],"about":[{"href":"https:\/\/www.federacaopaulistadefutsal.com.br\/novo\/wp-json\/wp\/v2\/types\/post"}],"author":[{"embeddable":true,"href":"https:\/\/www.federacaopaulistadefutsal.com.br\/novo\/wp-json\/wp\/v2\/users\/1"}],"replies":[{"embeddable":true,"href":"https:\/\/www.federacaopaulistadefutsal.com.br\/novo\/wp-json\/wp\/v2\/comments?post=10669"}],"version-history":[{"count":0,"href":"https:\/\/www.federacaopaulistadefutsal.com.br\/novo\/wp-json\/wp\/v2\/posts\/10669\/revisions"}],"wp:featuredmedia":[{"embeddable":true,"href":"https:\/\/www.federacaopaulistadefutsal.com.br\/novo\/wp-json\/"}],"wp:attachment":[{"href":"https:\/\/www.federacaopaulistadefutsal.com.br\/novo\/wp-json\/wp\/v2\/media?parent=10669"}],"wp:term":[{"taxonomy":"category","embeddable":true,"href":"https:\/\/www.federacaopaulistadefutsal.com.br\/novo\/wp-json\/wp\/v2\/categories?post=10669"},{"taxonomy":"post_tag","embeddable":true,"href":"https:\/\/www.federacaopaulistadefutsal.com.br\/novo\/wp-json\/wp\/v2\/tags?post=10669"}],"curies":[{"name":"wp","href":"https:\/\/api.w.org\/{rel}","templated":true}]}}