{"id":10744,"date":"2016-05-08T23:32:22","date_gmt":"2016-05-08T23:32:22","guid":{"rendered":"http:\/\/www.federacaopaulistadefutsal.com.br\/?p=10744"},"modified":"2016-05-08T23:32:22","modified_gmt":"2016-05-08T23:32:22","slug":"em-casa-sao-jose-vence-a-a-fib-e-segue-invicto-na-liga-paulista","status":"publish","type":"post","link":"https:\/\/www.federacaopaulistadefutsal.com.br\/novo\/em-casa-sao-jose-vence-a-a-fib-e-segue-invicto-na-liga-paulista\/","title":{"rendered":"Em casa, S\u00e3o Jos\u00e9 vence A.A. FIB e segue invicto na Liga Paulista"},"content":{"rendered":"<p>&nbsp;<\/p>\n<p class=\"western\">Na noite da \u00faltima sexta-feira (06), jogando no gin\u00e1sio do T\u00eanis Clube, o S\u00e3o Jos\u00e9 recebeu a A.A. FIB, de Bauru-SP, em duelo v\u00e1lido pela Liga Paulista de Futsal (LPF). Diante de sua torcida, o time joseense bateu o bauruense pelo placar de 4 a 2, e com o resultado, segue invicto na competi\u00e7\u00e3o estadual.<\/p>\n<p class=\"western\">Os gols da vit\u00f3ria da equipe do Vale do Para\u00edba foram marcados por Betinho, Johnny, Henrique, e por fim, Raul. Para os visitantes, o jogador Misael, camisa de n\u00famero 9, balan\u00e7ou o &#8220;barbante&#8221; duas vezes.<\/p>\n<p class=\"western\">Com o resultado, o S\u00e3o Jos\u00e9 chegou aos 16 pontos ganhos no grupo A, e em seis partidas disputadas, tem cinco vit\u00f3rias e um empate, e segue invicto na Liga Paulista. J\u00e1 a A.A. FIB, ap\u00f3s a derrota, est\u00e1 na quinta coloca\u00e7\u00e3o na chave, e em quatro confrontos, soma 6 pontos: duas vit\u00f3rias e duas derrotas.<\/p>\n<p class=\"western\">Agora, o time joseense voltar\u00e1 \u00e0 quadra pela competi\u00e7\u00e3o no dia 29 de maio, diante da A.D. Yoka, fora de casa, a partir das 11h00, no gin\u00e1sio do Itaguar\u00e1 Country Clube, em Guaratinguet\u00e1-SP. Os bauruenses, em busca da vit\u00f3ria, tamb\u00e9m medir\u00e3o for\u00e7as com a equipe de Guar\u00e1-SP, s\u00f3 que no dia 24, \u00e0s 20h00, no Duduz\u00e3o.<\/p>\n<p class=\"western\">Por Assessoria FPFS<\/p>\n<p class=\"western\">Com informa\u00e7\u00f5es e foto: Brenno Domingues\/Quarttus Marketing<\/p>\n","protected":false},"excerpt":{"rendered":"<p>&nbsp; Na noite da \u00faltima sexta-feira (06), jogando no gin\u00e1sio do T\u00eanis Clube, o S\u00e3o Jos\u00e9 recebeu a A.A. FIB,<\/p>\n","protected":false},"author":1,"featured_media":10745,"comment_status":"closed","ping_status":"open","sticky":false,"template":"","format":"standard","meta":{"footnotes":""},"categories":[29,31,32],"tags":[99,367,369,648,1344,1447,1525,1556,1835,2198,2434,2548,2603],"class_list":["post-10744","post","type-post","status-publish","format-standard","has-post-thumbnail","hentry","category-interior","category-liga-paulista-de-futsal","category-maiores","tag-a-a-fib","tag-bauru","tag-bauruenses","tag-competicao","tag-invicto","tag-joseenses","tag-liga-paulista","tag-lpf","tag-paulista","tag-sao-jose","tag-tenis-clube","tag-vale-do-paraiba","tag-vitoria"],"_links":{"self":[{"href":"https:\/\/www.federacaopaulistadefutsal.com.br\/novo\/wp-json\/wp\/v2\/posts\/10744","targetHints":{"allow":["GET"]}}],"collection":[{"href":"https:\/\/www.federacaopaulistadefutsal.com.br\/novo\/wp-json\/wp\/v2\/posts"}],"about":[{"href":"https:\/\/www.federacaopaulistadefutsal.com.br\/novo\/wp-json\/wp\/v2\/types\/post"}],"author":[{"embeddable":true,"href":"https:\/\/www.federacaopaulistadefutsal.com.br\/novo\/wp-json\/wp\/v2\/users\/1"}],"replies":[{"embeddable":true,"href":"https:\/\/www.federacaopaulistadefutsal.com.br\/novo\/wp-json\/wp\/v2\/comments?post=10744"}],"version-history":[{"count":0,"href":"https:\/\/www.federacaopaulistadefutsal.com.br\/novo\/wp-json\/wp\/v2\/posts\/10744\/revisions"}],"wp:featuredmedia":[{"embeddable":true,"href":"https:\/\/www.federacaopaulistadefutsal.com.br\/novo\/wp-json\/"}],"wp:attachment":[{"href":"https:\/\/www.federacaopaulistadefutsal.com.br\/novo\/wp-json\/wp\/v2\/media?parent=10744"}],"wp:term":[{"taxonomy":"category","embeddable":true,"href":"https:\/\/www.federacaopaulistadefutsal.com.br\/novo\/wp-json\/wp\/v2\/categories?post=10744"},{"taxonomy":"post_tag","embeddable":true,"href":"https:\/\/www.federacaopaulistadefutsal.com.br\/novo\/wp-json\/wp\/v2\/tags?post=10744"}],"curies":[{"name":"wp","href":"https:\/\/api.w.org\/{rel}","templated":true}]}}