{"id":10748,"date":"2016-05-09T11:30:00","date_gmt":"2016-05-09T11:30:00","guid":{"rendered":"http:\/\/www.federacaopaulistadefutsal.com.br\/?p=10748"},"modified":"2016-05-09T11:30:00","modified_gmt":"2016-05-09T11:30:00","slug":"na-vila-aparecida-taubate-futsal-bate-a-a-b-b-pela-liga-paulista","status":"publish","type":"post","link":"https:\/\/www.federacaopaulistadefutsal.com.br\/novo\/na-vila-aparecida-taubate-futsal-bate-a-a-b-b-pela-liga-paulista\/","title":{"rendered":"Na Vila Aparecida, Taubat\u00e9 Futsal bate A.A.B.B. pela Liga Paulista"},"content":{"rendered":"<p>&nbsp;<br \/>\nNa noite da \u00faltima sexta-feira (06), jogando no gin\u00e1sio da Vila Aparecida, o Taubat\u00e9 Futsal recebeu a A.A.B.B., da capital, em partida v\u00e1lida pela Liga Paulista, principal competi\u00e7\u00e3o das quadras de S\u00e3o Paulo. Diante de sua torcida, o time taubateano bateu o visitante por goleada de 5 a 2.<br \/>\nOs gols da vit\u00f3ria da equipe do Vale do Para\u00edba foram marcados por Fabinho, que balan\u00e7ou\u00a0o &#8220;barbante&#8221;\u00a0tr\u00eas vezes, Felipe, e por fim, Hernandes. Para o time abebeano, o jogador Thiago colocou no fundo da rede em duas oportunidades.<br \/>\n<strong>&#8220;N\u00e3o esperava fazer tr\u00eas gols, ainda mais diante de um advers\u00e1rio com muita qualidade. Tenho que agradecer ao fisioterapeuta J\u00fanior Campos, que foi respons\u00e1vel pela minha recupera\u00e7\u00e3o e tive a oportunidade de ajudar a equipe. O time est\u00e1 de parab\u00e9ns pelo desempenho apresentado em quadra&#8221;,\u00a0<\/strong>declarou Fabinho ap\u00f3s a partida contra o time de S\u00e3o Paulo-SP.<br \/>\nCom o resultado, o Taubat\u00e9 foi para a terceira coloca\u00e7\u00e3o no grupo B, e em tr\u00eas jogos disputados, soma seis pontos, divididos em duas vit\u00f3rias e uma derrota. Apesar do placar adverso, a A.A.B.B. segue na vice-lideran\u00e7a na chave, e em cinco partidas, tem sete pontos: duas vit\u00f3rias, um empate e duas derrotas.<br \/>\n<strong>&#8220;Foi um resultado importante diante de um confronto direto contra a A.A.B.B. A presen\u00e7a dos torcedores fez toda a diferen\u00e7a no gin\u00e1sio e tenho certeza que agora o advers\u00e1rio vai conhecer o nosso caldeir\u00e3o&#8221;,\u00a0<\/strong>destacou Bruno Zuchinalli, t\u00e9cnico do time do Vale do Para\u00edba.<br \/>\nAgora, no dia 29 de maio, a equipe taubateana vai encarar o Sorocaba, do craque Falc\u00e3o, a partir das 09h00, a princ\u00edpio no gin\u00e1sio do Itaguar\u00e1 Country Clube, em Guaratinguet\u00e1-SP. Buscando manter a segunda posi\u00e7\u00e3o no grupo B, a A.A.B.B. medir\u00e1 for\u00e7as com o Indaiatuba no dia 03 de junho, fora de casa, \u00e0s 20h00, no Clube 9 de Julho.<br \/>\n&nbsp;<br \/>\nPor Assessoria FPFS<br \/>\nCom informa\u00e7\u00f5es: Top 10 Comunica\u00e7\u00e3o<br \/>\nFoto: Divulga\u00e7\u00e3o\/ Jonas Barbetta\/Top 10 Comunica\u00e7\u00e3o<\/p>\n","protected":false},"excerpt":{"rendered":"<p>&nbsp; Na noite da \u00faltima sexta-feira (06), jogando no gin\u00e1sio da Vila Aparecida, o Taubat\u00e9 Futsal recebeu a A.A.B.B., da<\/p>\n","protected":false},"author":1,"featured_media":10751,"comment_status":"closed","ping_status":"open","sticky":false,"template":"","format":"standard","meta":{"footnotes":""},"categories":[29,31,32],"tags":[104,140,509,1201,1525,1556,2414,2419,2548,2587,2603],"class_list":["post-10748","post","type-post","status-publish","format-standard","has-post-thumbnail","hentry","category-interior","category-liga-paulista-de-futsal","category-maiores","tag-a-a-b-b","tag-abebeanos","tag-capital","tag-goleada","tag-liga-paulista","tag-lpf","tag-taubate","tag-taubateanos","tag-vale-do-paraiba","tag-vila-aparecida","tag-vitoria"],"_links":{"self":[{"href":"https:\/\/www.federacaopaulistadefutsal.com.br\/novo\/wp-json\/wp\/v2\/posts\/10748","targetHints":{"allow":["GET"]}}],"collection":[{"href":"https:\/\/www.federacaopaulistadefutsal.com.br\/novo\/wp-json\/wp\/v2\/posts"}],"about":[{"href":"https:\/\/www.federacaopaulistadefutsal.com.br\/novo\/wp-json\/wp\/v2\/types\/post"}],"author":[{"embeddable":true,"href":"https:\/\/www.federacaopaulistadefutsal.com.br\/novo\/wp-json\/wp\/v2\/users\/1"}],"replies":[{"embeddable":true,"href":"https:\/\/www.federacaopaulistadefutsal.com.br\/novo\/wp-json\/wp\/v2\/comments?post=10748"}],"version-history":[{"count":0,"href":"https:\/\/www.federacaopaulistadefutsal.com.br\/novo\/wp-json\/wp\/v2\/posts\/10748\/revisions"}],"wp:featuredmedia":[{"embeddable":true,"href":"https:\/\/www.federacaopaulistadefutsal.com.br\/novo\/wp-json\/"}],"wp:attachment":[{"href":"https:\/\/www.federacaopaulistadefutsal.com.br\/novo\/wp-json\/wp\/v2\/media?parent=10748"}],"wp:term":[{"taxonomy":"category","embeddable":true,"href":"https:\/\/www.federacaopaulistadefutsal.com.br\/novo\/wp-json\/wp\/v2\/categories?post=10748"},{"taxonomy":"post_tag","embeddable":true,"href":"https:\/\/www.federacaopaulistadefutsal.com.br\/novo\/wp-json\/wp\/v2\/tags?post=10748"}],"curies":[{"name":"wp","href":"https:\/\/api.w.org\/{rel}","templated":true}]}}