{"id":10753,"date":"2016-05-09T12:22:11","date_gmt":"2016-05-09T12:22:11","guid":{"rendered":"http:\/\/www.federacaopaulistadefutsal.com.br\/?p=10753"},"modified":"2016-05-09T12:22:11","modified_gmt":"2016-05-09T12:22:11","slug":"de-volta-ao-orlandia-pivo-lukaian-sera-apresentado-nesta-segunda","status":"publish","type":"post","link":"https:\/\/www.federacaopaulistadefutsal.com.br\/novo\/de-volta-ao-orlandia-pivo-lukaian-sera-apresentado-nesta-segunda\/","title":{"rendered":"De volta ao Orl\u00e2ndia, piv\u00f4 Lukaian ser\u00e1 apresentado nesta segunda"},"content":{"rendered":"<p>&nbsp;<br \/>\nNa \u00faltima semana, ap\u00f3s passar por uma s\u00e9rie de testes f\u00edsicos e exames m\u00e9dicos, o piv\u00f4 Lukaian, novo refor\u00e7o do Orl\u00e2ndia, ser\u00e1 apresentado oficialmente nesta segunda-feira (09), a partir das 16h00, no memorial da equipe orlandina. Vice-campe\u00e3o da Liga Nacional com o time do interior em 2014, o jogador \u00e9 uma das apostas da Intelli para vencer nas quatro linhas das quadras em 2016.<br \/>\nNo evento de apresenta\u00e7\u00e3o, estar\u00e3o presentes Vincenzo Spedicato, presidente de honra do clube, o presidente Renzo Spedicato, a tesoureira Chiara Spedicato, e por fim, o t\u00e9cnico Cid\u00e3o, que representar\u00e1 a comiss\u00e3o t\u00e9cnica do Orl\u00e2ndia. A imprensa tamb\u00e9m deve estar presente no retorno do &#8220;matador&#8221; intelliano.<br \/>\nSobre a oportunidade de novamente poder atuar pelo time gren\u00e1, o atleta, que no ano passado defendeu o\u00a0Kairat Almaty, do Cazaquist\u00e3o, e o\u00a0Kuwait Club, recentemente declarou o seguinte: <strong>&#8220;Minha fam\u00edlia amou a ideia de voltar, todos ficaram radiantes, e eu tamb\u00e9m, \u00e9 claro, fomos muito bem tratados e muito felizes em Orl\u00e2ndia-SP e na Intelli, bom demais retornar&#8221;,<\/strong> disse o piv\u00f4, feliz em estar de volta\u00a0\u00e0 equipe paulista.<br \/>\nPelo Orl\u00e2ndia, Lukaian vestir\u00e1 a camisa 83, mesmo n\u00famero que utilizou h\u00e1 dois anos, e se juntar\u00e1 aos &#8220;colegas&#8221; de posi\u00e7\u00e3o Dieguinho, Douglas, Elisandro e Thiago Cabe\u00e7a, tamb\u00e9m piv\u00f4s nas quatro linhas da quadra. Pela torcida orlandina, o jogador \u00e9 lembrado por conta da atua\u00e7\u00e3o na chamada &#8220;Batalha no Parque S\u00e3o Jorge&#8221;, partida contra o Corinthians, em 2014, e que fez um dos gols da vit\u00f3ria, que garantiu a Intelli na decis\u00e3o da Liga Nacional.<br \/>\n&nbsp;<br \/>\nPor Assessoria FPFS<br \/>\nCom informa\u00e7\u00f5es: ADC Intelli<br \/>\nFoto: Divulga\u00e7\u00e3o\/ Luan Amaral\/ADC Intelli<\/p>\n","protected":false},"excerpt":{"rendered":"<p>&nbsp; Na \u00faltima semana, ap\u00f3s passar por uma s\u00e9rie de testes f\u00edsicos e exames m\u00e9dicos, o piv\u00f4 Lukaian, novo refor\u00e7o<\/p>\n","protected":false},"author":1,"featured_media":10755,"comment_status":"closed","ping_status":"open","sticky":false,"template":"","format":"standard","meta":{"footnotes":""},"categories":[29,32],"tags":[251,308,781,940,1005,1323,1409,1565,1614,1789,1791,1891,2106,2322,2449],"class_list":["post-10753","post","type-post","status-publish","format-standard","has-post-thumbnail","hentry","category-interior","category-maiores","tag-apresentacao","tag-atleta","tag-de-volta","tag-entrevista","tag-exames","tag-intelli","tag-jogador","tag-lukaian","tag-matador","tag-orlandia","tag-orlandinos","tag-pivo","tag-retorno","tag-sonora","tag-testes"],"_links":{"self":[{"href":"https:\/\/www.federacaopaulistadefutsal.com.br\/novo\/wp-json\/wp\/v2\/posts\/10753","targetHints":{"allow":["GET"]}}],"collection":[{"href":"https:\/\/www.federacaopaulistadefutsal.com.br\/novo\/wp-json\/wp\/v2\/posts"}],"about":[{"href":"https:\/\/www.federacaopaulistadefutsal.com.br\/novo\/wp-json\/wp\/v2\/types\/post"}],"author":[{"embeddable":true,"href":"https:\/\/www.federacaopaulistadefutsal.com.br\/novo\/wp-json\/wp\/v2\/users\/1"}],"replies":[{"embeddable":true,"href":"https:\/\/www.federacaopaulistadefutsal.com.br\/novo\/wp-json\/wp\/v2\/comments?post=10753"}],"version-history":[{"count":0,"href":"https:\/\/www.federacaopaulistadefutsal.com.br\/novo\/wp-json\/wp\/v2\/posts\/10753\/revisions"}],"wp:featuredmedia":[{"embeddable":true,"href":"https:\/\/www.federacaopaulistadefutsal.com.br\/novo\/wp-json\/"}],"wp:attachment":[{"href":"https:\/\/www.federacaopaulistadefutsal.com.br\/novo\/wp-json\/wp\/v2\/media?parent=10753"}],"wp:term":[{"taxonomy":"category","embeddable":true,"href":"https:\/\/www.federacaopaulistadefutsal.com.br\/novo\/wp-json\/wp\/v2\/categories?post=10753"},{"taxonomy":"post_tag","embeddable":true,"href":"https:\/\/www.federacaopaulistadefutsal.com.br\/novo\/wp-json\/wp\/v2\/tags?post=10753"}],"curies":[{"name":"wp","href":"https:\/\/api.w.org\/{rel}","templated":true}]}}