{"id":10806,"date":"2016-05-11T11:00:51","date_gmt":"2016-05-11T11:00:51","guid":{"rendered":"http:\/\/www.federacaopaulistadefutsal.com.br\/?p=10806"},"modified":"2016-05-11T11:00:51","modified_gmt":"2016-05-11T11:00:51","slug":"no-geodesico-osasco-recebe-sao-joaojundiai-pelo-metropolitano-sub-20","status":"publish","type":"post","link":"https:\/\/www.federacaopaulistadefutsal.com.br\/novo\/no-geodesico-osasco-recebe-sao-joaojundiai-pelo-metropolitano-sub-20\/","title":{"rendered":"No &quot;Geod\u00e9sico&quot;, Osasco recebe S\u00e3o Jo\u00e3o\/Jundia\u00ed pelo Metropolitano sub-20"},"content":{"rendered":"<p>&nbsp;<br \/>\nNesta quarta-feira (11), em confronto v\u00e1lido pelo Campeonato Metropolitano sub-20, o Osasco vai receber o S\u00e3o Jo\u00e3o, de Jundia\u00ed-SP. A partida entre os times osasquense e jundiaiense est\u00e1 marcada para acontecer \u00e0s 17h00, no gin\u00e1sio Sebasti\u00e3o Rafael da Silva, o &#8220;Geod\u00e9sico&#8221;.<br \/>\nNo \u00faltimo jogo pelo torneio, tamb\u00e9m em casa, a equipe de Osasco-SP encarou o Sorocaba, e diante de sua torcida, empatou pelo placar de 1 a 1. J\u00e1 o S\u00e3o Jo\u00e3o, contra\u00a0a A.D. S\u00e3o Bernardo, perdeu em seus dom\u00ednios, no\u00a0Dr. Rom\u00e3o de Souza, por 6 a 3.<br \/>\nEm jogo v\u00e1lido pela terceira rodada no primeiro turno do Metropolitano, os times jundiaiense e osasquense se enfrentaram no dia 06 de abril. Em Jundia\u00ed-SP, os mandantes bateram os visitantes por goleada de 5 a 2.<br \/>\nT\u00e9cnico do Osasco, Vitor Lopes v\u00ea possibilidade de crescimento de seus comandados n\u00e3o apenas na competi\u00e7\u00e3o, mas nas quatro linhas da quadra:\u00a0<strong>&#8220;Tivemos altos e baixos. Mas nos recuperamos e estamos na briga por melhor posi\u00e7\u00e3o na classifica\u00e7\u00e3o do grupo B&#8221;,\u00a0<\/strong>declarou o treinador.<br \/>\nPelo Campeonato Metropolitano, os osasquenses est\u00e3o na sexta coloca\u00e7\u00e3o na classifica\u00e7\u00e3o geral, e com 11 pontos ganhos, tem tr\u00eas vit\u00f3rias, dois empates e duas derrotas. J\u00e1 o S\u00e3o Jo\u00e3o, do t\u00e9cnico Eduardo Mendes, \u00e9 o\u00a0terceiro, com 15 pontos, divididos em cinco vit\u00f3rias e duas derrotas.<br \/>\n&nbsp;<br \/>\nPor Assessoria FPFS<br \/>\nCom informa\u00e7\u00f5es e foto: Ana Luisa Rodrigues\/SEREL de Osasco<\/p>\n","protected":false},"excerpt":{"rendered":"<p>&nbsp; Nesta quarta-feira (11), em confronto v\u00e1lido pelo Campeonato Metropolitano sub-20, o Osasco vai receber o S\u00e3o Jo\u00e3o, de Jundia\u00ed-SP.<\/p>\n","protected":false},"author":1,"featured_media":10810,"comment_status":"closed","ping_status":"open","sticky":false,"template":"","format":"standard","meta":{"footnotes":""},"categories":[32,13],"tags":[1182,1418,1453,1454,1650,1792,1793,1824,2196,2352],"class_list":["post-10806","post","type-post","status-publish","format-standard","has-post-thumbnail","hentry","category-maiores","category-metropolitano-sub-20","tag-geodesico","tag-jogo","tag-jundiai","tag-jundiaienses","tag-metropolitano","tag-osasco","tag-osasquenses","tag-partida","tag-sao-joao","tag-sub-20"],"_links":{"self":[{"href":"https:\/\/www.federacaopaulistadefutsal.com.br\/novo\/wp-json\/wp\/v2\/posts\/10806","targetHints":{"allow":["GET"]}}],"collection":[{"href":"https:\/\/www.federacaopaulistadefutsal.com.br\/novo\/wp-json\/wp\/v2\/posts"}],"about":[{"href":"https:\/\/www.federacaopaulistadefutsal.com.br\/novo\/wp-json\/wp\/v2\/types\/post"}],"author":[{"embeddable":true,"href":"https:\/\/www.federacaopaulistadefutsal.com.br\/novo\/wp-json\/wp\/v2\/users\/1"}],"replies":[{"embeddable":true,"href":"https:\/\/www.federacaopaulistadefutsal.com.br\/novo\/wp-json\/wp\/v2\/comments?post=10806"}],"version-history":[{"count":0,"href":"https:\/\/www.federacaopaulistadefutsal.com.br\/novo\/wp-json\/wp\/v2\/posts\/10806\/revisions"}],"wp:featuredmedia":[{"embeddable":true,"href":"https:\/\/www.federacaopaulistadefutsal.com.br\/novo\/wp-json\/"}],"wp:attachment":[{"href":"https:\/\/www.federacaopaulistadefutsal.com.br\/novo\/wp-json\/wp\/v2\/media?parent=10806"}],"wp:term":[{"taxonomy":"category","embeddable":true,"href":"https:\/\/www.federacaopaulistadefutsal.com.br\/novo\/wp-json\/wp\/v2\/categories?post=10806"},{"taxonomy":"post_tag","embeddable":true,"href":"https:\/\/www.federacaopaulistadefutsal.com.br\/novo\/wp-json\/wp\/v2\/tags?post=10806"}],"curies":[{"name":"wp","href":"https:\/\/api.w.org\/{rel}","templated":true}]}}