{"id":10833,"date":"2016-05-12T10:36:57","date_gmt":"2016-05-12T10:36:57","guid":{"rendered":"http:\/\/www.federacaopaulistadefutsal.com.br\/?p=10833"},"modified":"2016-05-12T10:36:57","modified_gmt":"2016-05-12T10:36:57","slug":"na-arena-joao-mambrini-orlandia-faz-onze-no-tubarao-pela-liga-nacional","status":"publish","type":"post","link":"https:\/\/www.federacaopaulistadefutsal.com.br\/novo\/na-arena-joao-mambrini-orlandia-faz-onze-no-tubarao-pela-liga-nacional\/","title":{"rendered":"Na Arena Jo\u00e3o Mambrini, Orl\u00e2ndia faz onze no Tubar\u00e3o pela Liga Nacional"},"content":{"rendered":"<p>&nbsp;<br \/>\nNa noite da \u00faltima quarta-feira (11), jogando na Arena Ol\u00edmpica Jo\u00e3o Mambrini, o Orl\u00e2ndia, do t\u00e9cnico Cid\u00e3o, recebeu o Tubar\u00e3o Futsal, de Santa Catarina, em jogo v\u00e1lido pela quarta rodada da Liga Nacional. Diante de sua torcida, presente em bom n\u00famero no gin\u00e1sio da cidade de S\u00e3o Sebasti\u00e3o do Para\u00edso-MG, o time paulista venceu o catarinense por incr\u00edvel goleada de 11 a 3.<br \/>\nOs gols da &#8220;el\u00e1stica&#8221; vit\u00f3ria orlandina foram marcados por Jackson (2), o &#8220;Samurai&#8221;, Gadeia (2), Thiago Cabe\u00e7a (2), Cabre\u00fava (2), Renan, Edson, e por fim, Lucas. Para os visitantes, os jogadores Dudu e Pakito, que balan\u00e7ou o &#8220;barbante&#8221; duas vezes, fizeram os tentos de &#8220;honra&#8221;.<br \/>\nCom o resultado, o Orl\u00e2ndia segue invicto na Liga Nacional, e em tr\u00eas partidas disputadas, soma 7 pontos ganhos: duas vit\u00f3rias e um empate. Agora, o pr\u00f3ximo desafio da Intelli nas quatro linhas, pela LNF, ser\u00e1 diante do Minas, fora de casa.<br \/>\nO confronto contra os mineiros, quinta rodada da competi\u00e7\u00e3o, est\u00e1 marcado para acontecer na pr\u00f3xima segunda-feira (16), a partir das 19h15, na Arena Minas, no munic\u00edpio de Belo Horizonte-MG.<br \/>\n&nbsp;<br \/>\nPor Assessoria FPFS<br \/>\nCom informa\u00e7\u00f5es: ADC Intelli<br \/>\nFoto: Divulga\u00e7\u00e3o\/ Luan Amaral\/ADC Intelli<br \/>\n&nbsp;<\/p>\n","protected":false},"excerpt":{"rendered":"<p>&nbsp; Na noite da \u00faltima quarta-feira (11), jogando na Arena Ol\u00edmpica Jo\u00e3o Mambrini, o Orl\u00e2ndia, do t\u00e9cnico Cid\u00e3o, recebeu o<\/p>\n","protected":false},"author":1,"featured_media":10835,"comment_status":"closed","ping_status":"open","sticky":false,"template":"","format":"standard","meta":{"footnotes":""},"categories":[25,29,30,32],"tags":[542,1201,1296,1344,1404,1523,1546,1608,1661,1709,1776,1789,1791,1894,2175,2504,2603],"class_list":["post-10833","post","type-post","status-publish","format-standard","has-post-thumbnail","hentry","category-destaques","category-interior","category-liga-nacional-de-futsal","category-maiores","tag-catarinenses","tag-goleada","tag-incrivel","tag-invicto","tag-joao-mambrini","tag-liga-nacional","tag-lnf","tag-massacre","tag-minas-gerais","tag-nacional","tag-onze","tag-orlandia","tag-orlandinos","tag-placar","tag-santa-catarina","tag-tubarao","tag-vitoria"],"_links":{"self":[{"href":"https:\/\/www.federacaopaulistadefutsal.com.br\/novo\/wp-json\/wp\/v2\/posts\/10833","targetHints":{"allow":["GET"]}}],"collection":[{"href":"https:\/\/www.federacaopaulistadefutsal.com.br\/novo\/wp-json\/wp\/v2\/posts"}],"about":[{"href":"https:\/\/www.federacaopaulistadefutsal.com.br\/novo\/wp-json\/wp\/v2\/types\/post"}],"author":[{"embeddable":true,"href":"https:\/\/www.federacaopaulistadefutsal.com.br\/novo\/wp-json\/wp\/v2\/users\/1"}],"replies":[{"embeddable":true,"href":"https:\/\/www.federacaopaulistadefutsal.com.br\/novo\/wp-json\/wp\/v2\/comments?post=10833"}],"version-history":[{"count":0,"href":"https:\/\/www.federacaopaulistadefutsal.com.br\/novo\/wp-json\/wp\/v2\/posts\/10833\/revisions"}],"wp:featuredmedia":[{"embeddable":true,"href":"https:\/\/www.federacaopaulistadefutsal.com.br\/novo\/wp-json\/"}],"wp:attachment":[{"href":"https:\/\/www.federacaopaulistadefutsal.com.br\/novo\/wp-json\/wp\/v2\/media?parent=10833"}],"wp:term":[{"taxonomy":"category","embeddable":true,"href":"https:\/\/www.federacaopaulistadefutsal.com.br\/novo\/wp-json\/wp\/v2\/categories?post=10833"},{"taxonomy":"post_tag","embeddable":true,"href":"https:\/\/www.federacaopaulistadefutsal.com.br\/novo\/wp-json\/wp\/v2\/tags?post=10833"}],"curies":[{"name":"wp","href":"https:\/\/api.w.org\/{rel}","templated":true}]}}