{"id":10896,"date":"2016-05-14T14:00:47","date_gmt":"2016-05-14T14:00:47","guid":{"rendered":"http:\/\/www.federacaopaulistadefutsal.com.br\/?p=10896"},"modified":"2016-05-14T14:00:47","modified_gmt":"2016-05-14T14:00:47","slug":"no-abc-sao-jose-faz-sete-no-sao-bernardo-e-segue-invicto-pelo-metropolitano","status":"publish","type":"post","link":"https:\/\/www.federacaopaulistadefutsal.com.br\/novo\/no-abc-sao-jose-faz-sete-no-sao-bernardo-e-segue-invicto-pelo-metropolitano\/","title":{"rendered":"No ABC, S\u00e3o Jos\u00e9 faz sete no S\u00e3o Bernardo e segue invicto pelo Metropolitano"},"content":{"rendered":"<p>&nbsp;<br \/>\nNa noite da \u00faltima sexta-feira (13), jogando fora de casa, no gin\u00e1sio Adib Moys\u00e9s Dib, o S\u00e3o Jos\u00e9 encarou o S\u00e3o Bernardo\u00a0em partida v\u00e1lida pelo Campeonato Metropolitano Feminino. No ABC, as meninas joseenses bateram o time mandante por goleada de 7 a 0, e com o resultado, seguem invictas na competi\u00e7\u00e3o, organizada pela Federa\u00e7\u00e3o Paulista de Futsal (FPFS).<br \/>\nOs gols da vit\u00f3ria &#8220;el\u00e1stica&#8221; da equipe do Vale do Para\u00edba foram &#8220;anotados&#8221; por L\u00edvia, que balan\u00e7ou a rede quatro vezes, Ta\u00eds, Ant\u00f4nia, e por fim, Tatinha. Com os tentos marcados, o S\u00e3o Jos\u00e9 chegou \u00e0 marca de 23 gols no torneio das quadras, contra apenas 6 sofridos.<br \/>\nCom o resultado, o time joseense segue na lideran\u00e7a do Metropolitano, e com 16 pontos ganhos, tem cinco vit\u00f3rias e um empate; e ainda n\u00e3o sabe o que \u00e9 perder na competi\u00e7\u00e3o. J\u00e1 o S\u00e3o Bernardo, depois da goleada em seus dom\u00ednios, continua na &#8220;lanterna&#8221;, s\u00e9tima coloca\u00e7\u00e3o, com um ponto: um empate e cinco derrotas.<br \/>\nAgora, no dia 22 de maio, o S\u00e3o Jos\u00e9 medir\u00e1 for\u00e7as com o Primeiro de Maio fora de casa, a partir das 17h00, no gin\u00e1sio\u00a0No\u00eamia Assump\u00e7\u00e3o, na cidade de Santo Andr\u00e9-SP. As bernardenses, em busca da reabilita\u00e7\u00e3o no campeonato, v\u00e3o encarar o C.A. Tabo\u00e3o da Serra longe de sua torcida, no pr\u00f3ximo s\u00e1bado (21), \u00e0s 19h15, no\u00a0Jos\u00e9 de Souza Sobrinho, o &#8220;Z\u00e9 do Feij\u00e3o&#8221;.<br \/>\n&nbsp;<br \/>\nPor Assessoria FPFS<br \/>\nFoto: Divulga\u00e7\u00e3o\/ Alex Santos\/S\u00e3o Jos\u00e9 Futsal Feminino<br \/>\n&nbsp;<\/p>\n","protected":false},"excerpt":{"rendered":"<p>&nbsp; Na noite da \u00faltima sexta-feira (13), jogando fora de casa, no gin\u00e1sio Adib Moys\u00e9s Dib, o S\u00e3o Jos\u00e9 encarou<\/p>\n","protected":false},"author":1,"featured_media":10898,"comment_status":"closed","ping_status":"open","sticky":false,"template":"","format":"standard","meta":{"footnotes":""},"categories":[25,26,29,32,27],"tags":[383,1103,1201,1344,1447,1510,1544,1650,1895,2187,2198,2295,2603],"class_list":["post-10896","post","type-post","status-publish","format-standard","has-post-thumbnail","hentry","category-destaques","category-feminino","category-interior","category-maiores","category-metropolitano-feminino","tag-bernardenses","tag-fora-de-casa","tag-goleada","tag-invicto","tag-joseenses","tag-lider","tag-livia","tag-metropolitano","tag-placar-elastico","tag-sao-bernardo","tag-sao-jose","tag-sete","tag-vitoria"],"_links":{"self":[{"href":"https:\/\/www.federacaopaulistadefutsal.com.br\/novo\/wp-json\/wp\/v2\/posts\/10896","targetHints":{"allow":["GET"]}}],"collection":[{"href":"https:\/\/www.federacaopaulistadefutsal.com.br\/novo\/wp-json\/wp\/v2\/posts"}],"about":[{"href":"https:\/\/www.federacaopaulistadefutsal.com.br\/novo\/wp-json\/wp\/v2\/types\/post"}],"author":[{"embeddable":true,"href":"https:\/\/www.federacaopaulistadefutsal.com.br\/novo\/wp-json\/wp\/v2\/users\/1"}],"replies":[{"embeddable":true,"href":"https:\/\/www.federacaopaulistadefutsal.com.br\/novo\/wp-json\/wp\/v2\/comments?post=10896"}],"version-history":[{"count":0,"href":"https:\/\/www.federacaopaulistadefutsal.com.br\/novo\/wp-json\/wp\/v2\/posts\/10896\/revisions"}],"wp:featuredmedia":[{"embeddable":true,"href":"https:\/\/www.federacaopaulistadefutsal.com.br\/novo\/wp-json\/"}],"wp:attachment":[{"href":"https:\/\/www.federacaopaulistadefutsal.com.br\/novo\/wp-json\/wp\/v2\/media?parent=10896"}],"wp:term":[{"taxonomy":"category","embeddable":true,"href":"https:\/\/www.federacaopaulistadefutsal.com.br\/novo\/wp-json\/wp\/v2\/categories?post=10896"},{"taxonomy":"post_tag","embeddable":true,"href":"https:\/\/www.federacaopaulistadefutsal.com.br\/novo\/wp-json\/wp\/v2\/tags?post=10896"}],"curies":[{"name":"wp","href":"https:\/\/api.w.org\/{rel}","templated":true}]}}