{"id":10985,"date":"2016-05-18T11:36:32","date_gmt":"2016-05-18T11:36:32","guid":{"rendered":"http:\/\/www.federacaopaulistadefutsal.com.br\/?p=10985"},"modified":"2016-05-18T11:36:32","modified_gmt":"2016-05-18T11:36:32","slug":"no-roge-ferreira-pulo-fica-no-empate-com-yoka-pela-liga-paulista","status":"publish","type":"post","link":"https:\/\/www.federacaopaulistadefutsal.com.br\/novo\/no-roge-ferreira-pulo-fica-no-empate-com-yoka-pela-liga-paulista\/","title":{"rendered":"No Rog\u00ea Ferreira, Pulo fica no empate com Yoka pela Liga Paulista"},"content":{"rendered":"<p>&nbsp;<br \/>\nNa noite da \u00faltima ter\u00e7a-feira (17), em confronto v\u00e1lido pela Liga Paulista de Futsal (LPF), principal campeonato das quadras de S\u00e3o Paulo, o Pulo do Gato recebeu a A.D. Yoka, de Guaratinguet\u00e1-SP, no gin\u00e1sio Rog\u00ea Ferreira, na grande Campinas-SP. Diante de sua torcida, o time campineiro ficou no empate pelo placar de 3 a 3 com o de &#8220;Guar\u00e1&#8221;.<br \/>\nOs gols dos donos da casa foram marcados pelos seguintes jogadores: Gabrielzinho e Guilherm\u00e3o, que balan\u00e7ou o &#8220;barbante&#8221; em duas oportunidades. Para a equipe do Vale do Para\u00edba, Gustavinho, Vilela e Caio colocaram no fundo da rede aurinegra.<br \/>\nCom o resultado, o time de Campinas-SP est\u00e1 na sexta coloca\u00e7\u00e3o no grupo A da Liga Paulista, com cinco pontos ganhos: uma vit\u00f3ria, dois empates, e por fim, duas derrotas. J\u00e1 os guaratinguetaenses, depois do empate fora de casa, seguem na terceira posi\u00e7\u00e3o na chave, e com duas vit\u00f3rias, dois empates e uma derrota, somam oito pontos.<br \/>\n<span style=\"font-family: Georgia, serif;\"><strong>&#8220;<\/strong><span style=\"font-size: medium;\"><strong>Enfrentamos hoje um advers\u00e1rio de alt\u00edssima qualidade, mas fomos melhores no jogo. Buscamos mais o jogo a todo o momento. \u00c9 dif\u00edcil falar isso, porque a equipe do Yoka \u00e9 muito qualificada, mas n\u00f3s merec\u00edamos os tr\u00eas pontos. Parabenizei os atletas porque nesse jogo n\u00f3s jogamos futsal, e o que eu quero \u00e9 isso. Hoje a torcida teve gosto de ver o time em quadra&#8221;,<\/strong> avaliou Jeffo Novaes, t\u00e9cnico da equipe campineira, ap\u00f3s o confronto. \u00a0<\/span><\/span><br \/>\nAgora, no dia 10 de junho, o Pulo do Gato vai encarar o S\u00e3o Caetano Futsal longe de seus dom\u00ednios, no gin\u00e1sio Joaquim Camba\u00fava Rabello, a partir das 20h30, na regi\u00e3o do ABC. Na pr\u00f3xima ter\u00e7a-feira (24), a Yoka medir\u00e1 for\u00e7as com a A.A. FIB, de Bauru-SP, no Duduz\u00e3o, casa dos bauruenses, \u00e0s 20h00; ambos os jogos s\u00e3o v\u00e1lidos pela LPF.<br \/>\n&nbsp;<br \/>\nPor Assessoria FPFS<br \/>\nCom informa\u00e7\u00f5es: Rafael Del Giudice\/Ag\u00eancia Pulo<br \/>\nFoto: Divulga\u00e7\u00e3o\/ Andr\u00e9 Montejano\/Ag\u00eancia Pulo<\/p>\n","protected":false},"excerpt":{"rendered":"<p>&nbsp; Na noite da \u00faltima ter\u00e7a-feira (17), em confronto v\u00e1lido pela Liga Paulista de Futsal (LPF), principal campeonato das quadras<\/p>\n","protected":false},"author":1,"featured_media":10986,"comment_status":"closed","ping_status":"open","sticky":false,"template":"","format":"standard","meta":{"footnotes":""},"categories":[29,31,32],"tags":[321,494,497,929,1237,1240,1242,1525,1556,1835,1999,2139,2631],"class_list":["post-10985","post","type-post","status-publish","format-standard","has-post-thumbnail","hentry","category-interior","category-liga-paulista-de-futsal","category-maiores","tag-aurinegro","tag-campinas","tag-campineiros","tag-empate","tag-guara","tag-guaratingueta","tag-guaratinguetaenses","tag-liga-paulista","tag-lpf","tag-paulista","tag-pulo-do-gato","tag-roge-ferreira","tag-yoka"],"_links":{"self":[{"href":"https:\/\/www.federacaopaulistadefutsal.com.br\/novo\/wp-json\/wp\/v2\/posts\/10985","targetHints":{"allow":["GET"]}}],"collection":[{"href":"https:\/\/www.federacaopaulistadefutsal.com.br\/novo\/wp-json\/wp\/v2\/posts"}],"about":[{"href":"https:\/\/www.federacaopaulistadefutsal.com.br\/novo\/wp-json\/wp\/v2\/types\/post"}],"author":[{"embeddable":true,"href":"https:\/\/www.federacaopaulistadefutsal.com.br\/novo\/wp-json\/wp\/v2\/users\/1"}],"replies":[{"embeddable":true,"href":"https:\/\/www.federacaopaulistadefutsal.com.br\/novo\/wp-json\/wp\/v2\/comments?post=10985"}],"version-history":[{"count":0,"href":"https:\/\/www.federacaopaulistadefutsal.com.br\/novo\/wp-json\/wp\/v2\/posts\/10985\/revisions"}],"wp:featuredmedia":[{"embeddable":true,"href":"https:\/\/www.federacaopaulistadefutsal.com.br\/novo\/wp-json\/"}],"wp:attachment":[{"href":"https:\/\/www.federacaopaulistadefutsal.com.br\/novo\/wp-json\/wp\/v2\/media?parent=10985"}],"wp:term":[{"taxonomy":"category","embeddable":true,"href":"https:\/\/www.federacaopaulistadefutsal.com.br\/novo\/wp-json\/wp\/v2\/categories?post=10985"},{"taxonomy":"post_tag","embeddable":true,"href":"https:\/\/www.federacaopaulistadefutsal.com.br\/novo\/wp-json\/wp\/v2\/tags?post=10985"}],"curies":[{"name":"wp","href":"https:\/\/api.w.org\/{rel}","templated":true}]}}