{"id":10989,"date":"2016-05-18T13:00:04","date_gmt":"2016-05-18T13:00:04","guid":{"rendered":"http:\/\/www.federacaopaulistadefutsal.com.br\/?p=10989"},"modified":"2016-05-18T13:00:04","modified_gmt":"2016-05-18T13:00:04","slug":"corinthians-bate-osasco-e-chega-a-9a-vitoria-consecutiva-no-metropolitano","status":"publish","type":"post","link":"https:\/\/www.federacaopaulistadefutsal.com.br\/novo\/corinthians-bate-osasco-e-chega-a-9a-vitoria-consecutiva-no-metropolitano\/","title":{"rendered":"Corinthians bate Osasco e chega \u00e0 9\u00aa vit\u00f3ria consecutiva no Metropolitano"},"content":{"rendered":"<p>&nbsp;<br \/>\nNa noite da \u00faltima ter\u00e7a-feira (17), jogando no gin\u00e1sio do Parque S\u00e3o Jorge, em S\u00e3o Paulo-SP, o Corinthians recebeu o Osasco em confronto v\u00e1lido pelo Campeonato Metropolitano sub-20. Diante de sua torcida, o alvinegro bateu o time osasquense pelo placar de 1 a 0, e com o resultado, garantiu a 9\u00aa vit\u00f3ria consecutiva na competi\u00e7\u00e3o, organizada pela Federa\u00e7\u00e3o Paulista de Futsal (FPFS).<br \/>\nO gol da &#8220;magra&#8221; vit\u00f3ria do Tim\u00e3o foi marcado pelo jogador Matheus Rodrigues, camisa de n\u00famero 41, aos 17 minutos do primeiro tempo. Durante a partida, as equipes dos t\u00e9cnicos Andr\u00e9 Bi\u00e9, do Corinthians, e Vitor Lopes, do Osasco, travaram equilibrado duelo nas quatro linhas da quadra.<br \/>\nCom o resultado, o alvinegro chegou aos 27 pontos ganhos, e na lideran\u00e7a do Metropolitano, tem nove vit\u00f3rias em nove jogos; e est\u00e1 invicto, com 100% de aproveitamento no torneio. J\u00e1 o time osasquense, depois da derrota longe de seus dom\u00ednios, est\u00e1 na sexta coloca\u00e7\u00e3o, com 11 pontos: tr\u00eas vit\u00f3rias, dois empates, e por fim, quatro derrotas.<br \/>\nAgora, na pr\u00f3xima quarta-feira (25), o Corinthians medir\u00e1 for\u00e7as com o S\u00e3o Jo\u00e3o fora de casa, no gin\u00e1sio Dr. Rom\u00e3o de Souza, a partir das 18h30, em Jundia\u00ed-SP. Buscando subir na tabela, o Osasco vai encarar o Atl\u00e9tico Guarulhense no dia 27 de maio, \u00e0s 20h00, no C\u00e9u Cumbica, na cidade de Guarulhos-SP.<br \/>\n&nbsp;<br \/>\nPor Assessoria FPFS<br \/>\nFoto: Divulga\u00e7\u00e3o\/ Luiz Carlos Cesar\/Corinthians Futsal<\/p>\n","protected":false},"excerpt":{"rendered":"<p>&nbsp; Na noite da \u00faltima ter\u00e7a-feira (17), jogando no gin\u00e1sio do Parque S\u00e3o Jorge, em S\u00e3o Paulo-SP, o Corinthians recebeu<\/p>\n","protected":false},"author":1,"featured_media":10990,"comment_status":"closed","ping_status":"open","sticky":false,"template":"","format":"standard","meta":{"footnotes":""},"categories":[25,32,13],"tags":[50,203,734,1344,1650,1732,1792,1793,2217,2352,2457,2603],"class_list":["post-10989","post","type-post","status-publish","format-standard","has-post-thumbnail","hentry","category-destaques","category-maiores","category-metropolitano-sub-20","tag-100-de-aproveitamento","tag-alvinegro","tag-corinthians","tag-invicto","tag-metropolitano","tag-nona","tag-osasco","tag-osasquenses","tag-sccp","tag-sub-20","tag-timao","tag-vitoria"],"_links":{"self":[{"href":"https:\/\/www.federacaopaulistadefutsal.com.br\/novo\/wp-json\/wp\/v2\/posts\/10989","targetHints":{"allow":["GET"]}}],"collection":[{"href":"https:\/\/www.federacaopaulistadefutsal.com.br\/novo\/wp-json\/wp\/v2\/posts"}],"about":[{"href":"https:\/\/www.federacaopaulistadefutsal.com.br\/novo\/wp-json\/wp\/v2\/types\/post"}],"author":[{"embeddable":true,"href":"https:\/\/www.federacaopaulistadefutsal.com.br\/novo\/wp-json\/wp\/v2\/users\/1"}],"replies":[{"embeddable":true,"href":"https:\/\/www.federacaopaulistadefutsal.com.br\/novo\/wp-json\/wp\/v2\/comments?post=10989"}],"version-history":[{"count":0,"href":"https:\/\/www.federacaopaulistadefutsal.com.br\/novo\/wp-json\/wp\/v2\/posts\/10989\/revisions"}],"wp:featuredmedia":[{"embeddable":true,"href":"https:\/\/www.federacaopaulistadefutsal.com.br\/novo\/wp-json\/"}],"wp:attachment":[{"href":"https:\/\/www.federacaopaulistadefutsal.com.br\/novo\/wp-json\/wp\/v2\/media?parent=10989"}],"wp:term":[{"taxonomy":"category","embeddable":true,"href":"https:\/\/www.federacaopaulistadefutsal.com.br\/novo\/wp-json\/wp\/v2\/categories?post=10989"},{"taxonomy":"post_tag","embeddable":true,"href":"https:\/\/www.federacaopaulistadefutsal.com.br\/novo\/wp-json\/wp\/v2\/tags?post=10989"}],"curies":[{"name":"wp","href":"https:\/\/api.w.org\/{rel}","templated":true}]}}