{"id":10998,"date":"2016-05-18T15:00:20","date_gmt":"2016-05-18T15:00:20","guid":{"rendered":"http:\/\/www.federacaopaulistadefutsal.com.br\/?p=10998"},"modified":"2016-05-18T15:00:20","modified_gmt":"2016-05-18T15:00:20","slug":"visando-partida-contra-yoka-elenco-da-a-a-fib-treina-bola-parada","status":"publish","type":"post","link":"https:\/\/www.federacaopaulistadefutsal.com.br\/novo\/visando-partida-contra-yoka-elenco-da-a-a-fib-treina-bola-parada\/","title":{"rendered":"Visando partida contra Yoka, elenco da A.A. FIB treina &quot;bola parada&quot;"},"content":{"rendered":"<p>&nbsp;<\/p>\n<p class=\"western\" style=\"text-align: left;\" align=\"JUSTIFY\">Visando a partida contra a A.D. Yoka, de Guaratinguet\u00e1-SP, na pr\u00f3xima ter\u00e7a-feira (24), \u00e0s 20h00, v\u00e1lida pela Liga Paulista de Futsal (LPF), o elenco da A.A. FIB, comandado pelo t\u00e9cnico Everton Carvalho, o &#8220;Alem\u00e3o&#8221;, se focou nas jogadas de bola parada. Com a &#8220;redonda&#8221; nos p\u00e9s, os comandados do treinador realizaram diversas jogadas no treino, que podem ser utilizadas diante do time de &#8220;Guar\u00e1&#8221;.<\/p>\n<p class=\"western\" style=\"text-align: left;\" align=\"JUSTIFY\">Sobre a participa\u00e7\u00e3o da equipe bauruense na LPF, &#8220;Alem\u00e3o&#8221; declarou o seguinte:\u00a0<strong><span style=\"font-family: Calibri, sans-serif;\"><span style=\"color: #000000;\">&#8220;<\/span><span style=\"color: #000000; font-size: medium;\">Com exce\u00e7\u00e3o do confronto contra o Atl\u00e9tico Guarulhense, que conseguimos construir um placar mais el\u00e1stico, os demais jogos foram decididos nos detalhes, por isso, as jogadas de bola parada se tornam uma arma fundamental para conquistarmos as vit\u00f3rias&#8221;. \u00a0<\/span><\/span><\/strong><\/p>\n<p class=\"western\" style=\"text-align: left;\" align=\"JUSTIFY\">Pela Liga Paulista, a A.A. FIB est\u00e1 na quinta coloca\u00e7\u00e3o no grupo A, com 6 pontos ganhos: duas vit\u00f3rias e duas derrotas em quatro jogos disputados. J\u00e1 a Yoka vem na terceira posi\u00e7\u00e3o na chave, e com 8 pontos, tem duas vit\u00f3rias, dois empates, e por fim, uma derrota em cinco confrontos.<\/p>\n<p class=\"western\" style=\"text-align: left;\" align=\"JUSTIFY\">\n<p class=\"western\" style=\"text-align: left;\" align=\"JUSTIFY\">Por Assessoria FPFS<\/p>\n<p class=\"western\" style=\"text-align: left;\" align=\"JUSTIFY\">Com informa\u00e7\u00f5es e foto: Rafael Peloso\/A.A. FIB<\/p>\n","protected":false},"excerpt":{"rendered":"<p>&nbsp; Visando a partida contra a A.D. Yoka, de Guaratinguet\u00e1-SP, na pr\u00f3xima ter\u00e7a-feira (24), \u00e0s 20h00, v\u00e1lida pela Liga Paulista<\/p>\n","protected":false},"author":1,"featured_media":11000,"comment_status":"closed","ping_status":"open","sticky":false,"template":"","format":"standard","meta":{"footnotes":""},"categories":[29,31,32],"tags":[99,196,367,369,402,940,985,1408,1525,1556,2322,2422,2485,2488,2490,2631],"class_list":["post-10998","post","type-post","status-publish","format-standard","has-post-thumbnail","hentry","category-interior","category-liga-paulista-de-futsal","category-maiores","tag-a-a-fib","tag-alemao","tag-bauru","tag-bauruenses","tag-bola-parada","tag-entrevista","tag-estrategia","tag-jogadas","tag-liga-paulista","tag-lpf","tag-sonora","tag-tecnico","tag-treinador","tag-treinamento","tag-treino","tag-yoka"],"_links":{"self":[{"href":"https:\/\/www.federacaopaulistadefutsal.com.br\/novo\/wp-json\/wp\/v2\/posts\/10998","targetHints":{"allow":["GET"]}}],"collection":[{"href":"https:\/\/www.federacaopaulistadefutsal.com.br\/novo\/wp-json\/wp\/v2\/posts"}],"about":[{"href":"https:\/\/www.federacaopaulistadefutsal.com.br\/novo\/wp-json\/wp\/v2\/types\/post"}],"author":[{"embeddable":true,"href":"https:\/\/www.federacaopaulistadefutsal.com.br\/novo\/wp-json\/wp\/v2\/users\/1"}],"replies":[{"embeddable":true,"href":"https:\/\/www.federacaopaulistadefutsal.com.br\/novo\/wp-json\/wp\/v2\/comments?post=10998"}],"version-history":[{"count":0,"href":"https:\/\/www.federacaopaulistadefutsal.com.br\/novo\/wp-json\/wp\/v2\/posts\/10998\/revisions"}],"wp:featuredmedia":[{"embeddable":true,"href":"https:\/\/www.federacaopaulistadefutsal.com.br\/novo\/wp-json\/"}],"wp:attachment":[{"href":"https:\/\/www.federacaopaulistadefutsal.com.br\/novo\/wp-json\/wp\/v2\/media?parent=10998"}],"wp:term":[{"taxonomy":"category","embeddable":true,"href":"https:\/\/www.federacaopaulistadefutsal.com.br\/novo\/wp-json\/wp\/v2\/categories?post=10998"},{"taxonomy":"post_tag","embeddable":true,"href":"https:\/\/www.federacaopaulistadefutsal.com.br\/novo\/wp-json\/wp\/v2\/tags?post=10998"}],"curies":[{"name":"wp","href":"https:\/\/api.w.org\/{rel}","templated":true}]}}