{"id":11002,"date":"2016-05-19T10:11:17","date_gmt":"2016-05-19T10:11:17","guid":{"rendered":"http:\/\/www.federacaopaulistadefutsal.com.br\/?p=11002"},"modified":"2016-05-19T10:11:17","modified_gmt":"2016-05-19T10:11:17","slug":"jogando-no-abc-sao-bernardo-fica-no-empate-com-indaiatuba-pela-lpf","status":"publish","type":"post","link":"https:\/\/www.federacaopaulistadefutsal.com.br\/novo\/jogando-no-abc-sao-bernardo-fica-no-empate-com-indaiatuba-pela-lpf\/","title":{"rendered":"Jogando no ABC, S\u00e3o Bernardo fica no empate com Indaiatuba pela LPF"},"content":{"rendered":"<p>&nbsp;<br \/>\nNa noite da \u00faltima quarta-feira (18), jogando no gin\u00e1sio Adib Moys\u00e9s Dib,\u00a0o S\u00e3o Bernardo recebeu a equipe da A.D. Indaiatuba em confronto v\u00e1lido pela Liga Paulista de Futsal (LPF). No ABC, os bernardenses empataram com os indaiatubanos pelo placar de 3 a 3.<br \/>\nOs gols do time da casa foram marcados por Rodolfo, Adelisson e Rafa Martins; os mandantes chegaram a abrir tr\u00eas tentos de vantagem, mas cederam o empate. Para a A.D.I., Juninho, Igor Fernandes e o goleiro Mel\u00e3o, a cinco segundos do final da partida, colocaram no fundo do &#8220;barbante&#8221;.<br \/>\nCom o resultado, o S\u00e3o Bernardo est\u00e1 na quinta coloca\u00e7\u00e3o no grupo B da Liga Paulista, com cinco pontos ganhos: uma vit\u00f3ria, dois empates e duas derrotas. J\u00e1 o Indaiatuba, apesar do empate longe de seus dom\u00ednios, permanece na \u00faltima posi\u00e7\u00e3o na chave, a oitava, com dois pontos ganhos, divididos em duas derrotas e dois empates.<br \/>\nNa pr\u00f3xima ter\u00e7a-feira (24), o time do ABC vai encarar o Orl\u00e2ndia no gin\u00e1sio Joaquim Camba\u00fava Rabello, em S\u00e3o Caetano do Sul-SP, a partir das 19h30. Em busca da reabilita\u00e7\u00e3o, a equipe indaiatubana receber\u00e1 a A.A.B.B., da capital, no dia 03 de junho, \u00e0s 20h00, no 9 de Julho; ambos os jogos s\u00e3o v\u00e1lidos pela LPF.<br \/>\n&nbsp;<br \/>\nPor Assessoria FPFS<br \/>\nCom informa\u00e7\u00f5es: Liga Paulista de Futsal (LPF)\/Futsal em Pauta<br \/>\nFoto: Divulga\u00e7\u00e3o\/Liga Paulista de Futsal (LPF)<\/p>\n","protected":false},"excerpt":{"rendered":"<p>&nbsp; Na noite da \u00faltima quarta-feira (18), jogando no gin\u00e1sio Adib Moys\u00e9s Dib,\u00a0o S\u00e3o Bernardo recebeu a equipe da A.D.<\/p>\n","protected":false},"author":1,"featured_media":11003,"comment_status":"closed","ping_status":"open","sticky":false,"template":"","format":"standard","meta":{"footnotes":""},"categories":[31,32],"tags":[119,138,383,671,929,1283,1297,1301,1418,1525,1556,1824,1835,2187],"class_list":["post-11002","post","type-post","status-publish","format-standard","has-post-thumbnail","hentry","category-liga-paulista-de-futsal","category-maiores","tag-a-d-i","tag-abc-paulista","tag-bernardenses","tag-confronto","tag-empate","tag-igualdade","tag-indaiatuba","tag-indaiatubanos","tag-jogo","tag-liga-paulista","tag-lpf","tag-partida","tag-paulista","tag-sao-bernardo"],"_links":{"self":[{"href":"https:\/\/www.federacaopaulistadefutsal.com.br\/novo\/wp-json\/wp\/v2\/posts\/11002","targetHints":{"allow":["GET"]}}],"collection":[{"href":"https:\/\/www.federacaopaulistadefutsal.com.br\/novo\/wp-json\/wp\/v2\/posts"}],"about":[{"href":"https:\/\/www.federacaopaulistadefutsal.com.br\/novo\/wp-json\/wp\/v2\/types\/post"}],"author":[{"embeddable":true,"href":"https:\/\/www.federacaopaulistadefutsal.com.br\/novo\/wp-json\/wp\/v2\/users\/1"}],"replies":[{"embeddable":true,"href":"https:\/\/www.federacaopaulistadefutsal.com.br\/novo\/wp-json\/wp\/v2\/comments?post=11002"}],"version-history":[{"count":0,"href":"https:\/\/www.federacaopaulistadefutsal.com.br\/novo\/wp-json\/wp\/v2\/posts\/11002\/revisions"}],"wp:featuredmedia":[{"embeddable":true,"href":"https:\/\/www.federacaopaulistadefutsal.com.br\/novo\/wp-json\/"}],"wp:attachment":[{"href":"https:\/\/www.federacaopaulistadefutsal.com.br\/novo\/wp-json\/wp\/v2\/media?parent=11002"}],"wp:term":[{"taxonomy":"category","embeddable":true,"href":"https:\/\/www.federacaopaulistadefutsal.com.br\/novo\/wp-json\/wp\/v2\/categories?post=11002"},{"taxonomy":"post_tag","embeddable":true,"href":"https:\/\/www.federacaopaulistadefutsal.com.br\/novo\/wp-json\/wp\/v2\/tags?post=11002"}],"curies":[{"name":"wp","href":"https:\/\/api.w.org\/{rel}","templated":true}]}}