{"id":11025,"date":"2016-05-20T09:24:59","date_gmt":"2016-05-20T09:24:59","guid":{"rendered":"http:\/\/www.federacaopaulistadefutsal.com.br\/?p=11025"},"modified":"2016-05-20T09:24:59","modified_gmt":"2016-05-20T09:24:59","slug":"de-despedida-do-mauricio-leite-orlandia-recebe-joinville-pela-lnf","status":"publish","type":"post","link":"https:\/\/www.federacaopaulistadefutsal.com.br\/novo\/de-despedida-do-mauricio-leite-orlandia-recebe-joinville-pela-lnf\/","title":{"rendered":"De &quot;despedida&quot; do Maur\u00edcio Leite, Orl\u00e2ndia recebe Joinville pela LNF"},"content":{"rendered":"<p>&nbsp;<br \/>\nNesta sexta-feira (20), em confronto v\u00e1lido pela sexta rodada da Liga Nacional de Futsal (LNF), o Orl\u00e2ndia vai encarar o Joinville, de Santa Catarina, no gin\u00e1sio Maur\u00edcio Leite de Moraes. A partida, que pode ser a &#8220;\u00faltima&#8221; do time orlandino em sua casa, j\u00e1 que ela deve passar por reformas, est\u00e1 marcada para acontecer a partir das 20h15; a Intelli, do t\u00e9cnico Cid\u00e3o, segue invita na competi\u00e7\u00e3o.<br \/>\nNo jogo passado pelo torneio, a equipe do interior paulista encarou o Minas (MG) e empatou fora de casa, na Arena Minas, pelo placar de 3 a 3. J\u00e1 os catarinenses, jogando em seus dom\u00ednios, no Cau Hansen, venceram o Umuarama, do Paran\u00e1, por goleada de 3 a 0.<br \/>\nPela Liga Nacional, o Orl\u00e2ndia est\u00e1 na sexta coloca\u00e7\u00e3o, com 8 pontos ganhos, divididos em duas vit\u00f3rias e dois empates (o time orlandino descansou na primeira rodada). Terceiro na classifica\u00e7\u00e3o geral da LNF, o Joinville tem 10 pontos: tr\u00eas vit\u00f3rias, um empate, e por fim, uma derrota em cinco duelos.<br \/>\n&nbsp;<br \/>\nPor Assessoria FPFS<br \/>\nCom informa\u00e7\u00f5es: Carlos Silva\/ADC Intelli e Liga Nacional de Futsal (LNF)<br \/>\nFoto: Divulga\u00e7\u00e3o\/ Carlos Silva\/ADC Intelli<br \/>\n&nbsp;<\/p>\n","protected":false},"excerpt":{"rendered":"<p>&nbsp; Nesta sexta-feira (20), em confronto v\u00e1lido pela sexta rodada da Liga Nacional de Futsal (LNF), o Orl\u00e2ndia vai encarar<\/p>\n","protected":false},"author":1,"featured_media":11027,"comment_status":"closed","ping_status":"open","sticky":false,"template":"","format":"standard","meta":{"footnotes":""},"categories":[29,30,32],"tags":[535,542,826,1189,1323,1334,1441,1523,1546,1624,1709,1789,1791,1841,2065],"class_list":["post-11025","post","type-post","status-publish","format-standard","has-post-thumbnail","hentry","category-interior","category-liga-nacional-de-futsal","category-maiores","tag-casa","tag-catarinenses","tag-despedida","tag-ginasio","tag-intelli","tag-interior","tag-joinville","tag-liga-nacional","tag-lnf","tag-mauricio-leite-de-moraes","tag-nacional","tag-orlandia","tag-orlandinos","tag-paulistas","tag-reformas"],"_links":{"self":[{"href":"https:\/\/www.federacaopaulistadefutsal.com.br\/novo\/wp-json\/wp\/v2\/posts\/11025","targetHints":{"allow":["GET"]}}],"collection":[{"href":"https:\/\/www.federacaopaulistadefutsal.com.br\/novo\/wp-json\/wp\/v2\/posts"}],"about":[{"href":"https:\/\/www.federacaopaulistadefutsal.com.br\/novo\/wp-json\/wp\/v2\/types\/post"}],"author":[{"embeddable":true,"href":"https:\/\/www.federacaopaulistadefutsal.com.br\/novo\/wp-json\/wp\/v2\/users\/1"}],"replies":[{"embeddable":true,"href":"https:\/\/www.federacaopaulistadefutsal.com.br\/novo\/wp-json\/wp\/v2\/comments?post=11025"}],"version-history":[{"count":0,"href":"https:\/\/www.federacaopaulistadefutsal.com.br\/novo\/wp-json\/wp\/v2\/posts\/11025\/revisions"}],"wp:featuredmedia":[{"embeddable":true,"href":"https:\/\/www.federacaopaulistadefutsal.com.br\/novo\/wp-json\/"}],"wp:attachment":[{"href":"https:\/\/www.federacaopaulistadefutsal.com.br\/novo\/wp-json\/wp\/v2\/media?parent=11025"}],"wp:term":[{"taxonomy":"category","embeddable":true,"href":"https:\/\/www.federacaopaulistadefutsal.com.br\/novo\/wp-json\/wp\/v2\/categories?post=11025"},{"taxonomy":"post_tag","embeddable":true,"href":"https:\/\/www.federacaopaulistadefutsal.com.br\/novo\/wp-json\/wp\/v2\/tags?post=11025"}],"curies":[{"name":"wp","href":"https:\/\/api.w.org\/{rel}","templated":true}]}}