{"id":11032,"date":"2016-05-20T11:00:59","date_gmt":"2016-05-20T11:00:59","guid":{"rendered":"http:\/\/www.federacaopaulistadefutsal.com.br\/?p=11032"},"modified":"2016-05-20T11:00:59","modified_gmt":"2016-05-20T11:00:59","slug":"apos-derrota-sorocaba-enfrenta-atlantico-em-busca-da-reabilitacao-na-lnf","status":"publish","type":"post","link":"https:\/\/www.federacaopaulistadefutsal.com.br\/novo\/apos-derrota-sorocaba-enfrenta-atlantico-em-busca-da-reabilitacao-na-lnf\/","title":{"rendered":"Ap\u00f3s derrota, Sorocaba enfrenta Atl\u00e2ntico em busca da reabilita\u00e7\u00e3o na LNF"},"content":{"rendered":"<p>&nbsp;<br \/>\nAp\u00f3s derrota para o Marreco Futsal (PR) por 5 a 3, o Sorocaba vai em busca da reabilita\u00e7\u00e3o na Liga Nacional, principal campeonato das quadras no Brasil. Nesta sexta-feira (20), o time sorocabano receber\u00e1 o Atl\u00e2ntico Erechim (RS), atual campe\u00e3o mundial nas quatro linhas, no gin\u00e1sio Ayrton Senna, em Itapetininga-SP, a partir das 20h15.<br \/>\nNo \u00faltimo jogo, diante dos paranaenses na rodada passada, os gols da equipe do interior paulista foram marcados por Simi, que balan\u00e7ou a rede duas vezes, e Rodrigo Hardy, o &#8220;Torpedo Humano&#8221;, mas que n\u00e3o foram capazes de evitar o resultado adverso, que aconteceu no &#8220;Arrud\u00e3o&#8221;, em Francisco Beltr\u00e3o-PR. O &#8220;Galo&#8221; ga\u00facho, advers\u00e1rio de logo mais \u00e0 noite, vem de vit\u00f3ria contra o Cascavel (PR) por 5 a 2.<br \/>\nPela Liga Nacional, o Sorocaba est\u00e1 na 18\u00aa posi\u00e7\u00e3o, a pen\u00faltima, e com apenas 1 ponto ganho, tem um empate e tr\u00eas derrotas. Em situa\u00e7\u00e3o bastante diferente na tabela, o Atl\u00e2ntico \u00e9 o quarto colocado, com 10 pontos: tr\u00eas vit\u00f3rias, um empate, e por fim, uma derrota.<br \/>\nAo todo, at\u00e9 a quinta rodada, o time sorocabano marcou 10 gols e sofreu 18, e seu saldo atual \u00e9 de -8. J\u00e1 a equipe do Rio Grande do Sul, com 13 tentos marcados contra 11 sofridos, tem um saldo positivo de 2 gols.<br \/>\n&nbsp;<br \/>\nPor Assessoria FPFS<br \/>\nCom informa\u00e7\u00f5es: Liga Nacional de Futsal (LNF)<br \/>\nFoto: Divulga\u00e7\u00e3o\/Magnus Futsal<\/p>\n","protected":false},"excerpt":{"rendered":"<p>&nbsp; Ap\u00f3s derrota para o Marreco Futsal (PR) por 5 a 3, o Sorocaba vai em busca da reabilita\u00e7\u00e3o na<\/p>\n","protected":false},"author":1,"featured_media":11034,"comment_status":"closed","ping_status":"open","sticky":false,"template":"","format":"standard","meta":{"footnotes":""},"categories":[29,30,32],"tags":[243,306,433,648,950,1178,1523,1546,1603,1709,2035,2123,2325,2328,2566],"class_list":["post-11032","post","type-post","status-publish","format-standard","has-post-thumbnail","hentry","category-interior","category-liga-nacional-de-futsal","category-maiores","tag-apos-derrota","tag-atlantico","tag-busca","tag-competicao","tag-erechim","tag-gauchos","tag-liga-nacional","tag-lnf","tag-marreco","tag-nacional","tag-reabilitacao","tag-rio-grande-do-sul","tag-sorocaba","tag-sorocabanos","tag-vencer"],"_links":{"self":[{"href":"https:\/\/www.federacaopaulistadefutsal.com.br\/novo\/wp-json\/wp\/v2\/posts\/11032","targetHints":{"allow":["GET"]}}],"collection":[{"href":"https:\/\/www.federacaopaulistadefutsal.com.br\/novo\/wp-json\/wp\/v2\/posts"}],"about":[{"href":"https:\/\/www.federacaopaulistadefutsal.com.br\/novo\/wp-json\/wp\/v2\/types\/post"}],"author":[{"embeddable":true,"href":"https:\/\/www.federacaopaulistadefutsal.com.br\/novo\/wp-json\/wp\/v2\/users\/1"}],"replies":[{"embeddable":true,"href":"https:\/\/www.federacaopaulistadefutsal.com.br\/novo\/wp-json\/wp\/v2\/comments?post=11032"}],"version-history":[{"count":0,"href":"https:\/\/www.federacaopaulistadefutsal.com.br\/novo\/wp-json\/wp\/v2\/posts\/11032\/revisions"}],"wp:featuredmedia":[{"embeddable":true,"href":"https:\/\/www.federacaopaulistadefutsal.com.br\/novo\/wp-json\/"}],"wp:attachment":[{"href":"https:\/\/www.federacaopaulistadefutsal.com.br\/novo\/wp-json\/wp\/v2\/media?parent=11032"}],"wp:term":[{"taxonomy":"category","embeddable":true,"href":"https:\/\/www.federacaopaulistadefutsal.com.br\/novo\/wp-json\/wp\/v2\/categories?post=11032"},{"taxonomy":"post_tag","embeddable":true,"href":"https:\/\/www.federacaopaulistadefutsal.com.br\/novo\/wp-json\/wp\/v2\/tags?post=11032"}],"curies":[{"name":"wp","href":"https:\/\/api.w.org\/{rel}","templated":true}]}}