{"id":11082,"date":"2016-05-23T15:01:35","date_gmt":"2016-05-23T15:01:35","guid":{"rendered":"http:\/\/www.federacaopaulistadefutsal.com.br\/?p=11082"},"modified":"2016-05-23T15:01:35","modified_gmt":"2016-05-23T15:01:35","slug":"apos-goleada-corinthians-encara-minas-fora-de-casa-pela-liga-nacional","status":"publish","type":"post","link":"https:\/\/www.federacaopaulistadefutsal.com.br\/novo\/apos-goleada-corinthians-encara-minas-fora-de-casa-pela-liga-nacional\/","title":{"rendered":"Ap\u00f3s goleada, Corinthians encara Minas fora de casa pela Liga Nacional"},"content":{"rendered":"<p>&nbsp;<br \/>\nNesta segunda-feira (23), o Corinthians, ap\u00f3s vit\u00f3ria contra o Conc\u00f3rdia (SC) por goleada de 4 a 1, vai encarar a equipe do Minas (MG) fora de casa. O jogo, v\u00e1lido pela s\u00e9tima rodada da Liga Nacional de Futsal (LNF), est\u00e1 marcado para acontecer a partir das 20h15, na Arena Minas, em Belo Horizonte-MG.<br \/>\nNo confronto passado pela competi\u00e7\u00e3o, o Tim\u00e3o bateu os catarinenses com gols de Vander Carioca, que balan\u00e7ou a rede duas vezes, Leandro Lino, e por fim, Edgard, em partida no Parque S\u00e3o Jorge, na capital S\u00e3o Paulo-SP. J\u00e1 os mineiros, advers\u00e1rios de logo mais \u00e0 noite, empataram com o Guarapuava, do Paran\u00e1, por 1 a 1, jogando no Joaquinz\u00e3o.<br \/>\nPela Liga Nacional, o Corinthians est\u00e1 na oitava coloca\u00e7\u00e3o, com nove pontos ganhos: tr\u00eas vit\u00f3rias e duas derrotas no principal campeonato das quadras no Brasil. O Minas \u00e9 o d\u00e9cimo, tamb\u00e9m com nove pontos, divididos em duas vit\u00f3rias, tr\u00eas empates e uma derrota em seis confrontos disputados.<br \/>\n&nbsp;<br \/>\nPor Assessoria FPFS<br \/>\nCom informa\u00e7\u00f5es: Liga Nacional de Futsal (LNF)<br \/>\nFoto: Divulga\u00e7\u00e3o\/Liga Paulista de Futsal (LPF)<\/p>\n","protected":false},"excerpt":{"rendered":"<p>&nbsp; Nesta segunda-feira (23), o Corinthians, ap\u00f3s vit\u00f3ria contra o Conc\u00f3rdia (SC) por goleada de 4 a 1, vai encarar<\/p>\n","protected":false},"author":1,"featured_media":11083,"comment_status":"closed","ping_status":"open","sticky":false,"template":"","format":"standard","meta":{"footnotes":""},"categories":[30,32],"tags":[203,379,387,433,734,1103,1131,1523,1546,1659,1664,1709,2217,2457,2603],"class_list":["post-11082","post","type-post","status-publish","format-standard","has-post-thumbnail","hentry","category-liga-nacional-de-futsal","category-maiores","tag-alvinegro","tag-belo-horizonte","tag-bh","tag-busca","tag-corinthians","tag-fora-de-casa","tag-futsal","tag-liga-nacional","tag-lnf","tag-minas","tag-mineiros","tag-nacional","tag-sccp","tag-timao","tag-vitoria"],"_links":{"self":[{"href":"https:\/\/www.federacaopaulistadefutsal.com.br\/novo\/wp-json\/wp\/v2\/posts\/11082","targetHints":{"allow":["GET"]}}],"collection":[{"href":"https:\/\/www.federacaopaulistadefutsal.com.br\/novo\/wp-json\/wp\/v2\/posts"}],"about":[{"href":"https:\/\/www.federacaopaulistadefutsal.com.br\/novo\/wp-json\/wp\/v2\/types\/post"}],"author":[{"embeddable":true,"href":"https:\/\/www.federacaopaulistadefutsal.com.br\/novo\/wp-json\/wp\/v2\/users\/1"}],"replies":[{"embeddable":true,"href":"https:\/\/www.federacaopaulistadefutsal.com.br\/novo\/wp-json\/wp\/v2\/comments?post=11082"}],"version-history":[{"count":0,"href":"https:\/\/www.federacaopaulistadefutsal.com.br\/novo\/wp-json\/wp\/v2\/posts\/11082\/revisions"}],"wp:featuredmedia":[{"embeddable":true,"href":"https:\/\/www.federacaopaulistadefutsal.com.br\/novo\/wp-json\/"}],"wp:attachment":[{"href":"https:\/\/www.federacaopaulistadefutsal.com.br\/novo\/wp-json\/wp\/v2\/media?parent=11082"}],"wp:term":[{"taxonomy":"category","embeddable":true,"href":"https:\/\/www.federacaopaulistadefutsal.com.br\/novo\/wp-json\/wp\/v2\/categories?post=11082"},{"taxonomy":"post_tag","embeddable":true,"href":"https:\/\/www.federacaopaulistadefutsal.com.br\/novo\/wp-json\/wp\/v2\/tags?post=11082"}],"curies":[{"name":"wp","href":"https:\/\/api.w.org\/{rel}","templated":true}]}}