{"id":11096,"date":"2016-05-24T11:23:35","date_gmt":"2016-05-24T11:23:35","guid":{"rendered":"http:\/\/www.federacaopaulistadefutsal.com.br\/?p=11096"},"modified":"2016-05-24T11:23:35","modified_gmt":"2016-05-24T11:23:35","slug":"no-abc-orlandia-enfrenta-sao-bernardo-pela-liga-paulista-de-futsal","status":"publish","type":"post","link":"https:\/\/www.federacaopaulistadefutsal.com.br\/novo\/no-abc-orlandia-enfrenta-sao-bernardo-pela-liga-paulista-de-futsal\/","title":{"rendered":"No ABC, Orl\u00e2ndia enfrenta S\u00e3o Bernardo pela Liga Paulista de Futsal"},"content":{"rendered":"<p>&nbsp;<br \/>\nNesta ter\u00e7a-feira (24), em jogo v\u00e1lido pela Liga Paulista de Futsal (LPF), principal competi\u00e7\u00e3o das quadras de S\u00e3o Paulo, o Orl\u00e2ndia vai encarar a equipe do S\u00e3o Bernardo. A partida entre os times do interior e do ABC est\u00e1 marcada para acontecer \u00e0s 19h30, no gin\u00e1sio Joaquim Camba\u00fava Rabello, o &#8220;Idalina&#8221;, em S\u00e3o Caetano do Sul-SP.<br \/>\nSabendo da import\u00e2ncia de se vencer confrontos na LPF, Cid\u00e3o, t\u00e9cnico dos orlandinos, acredita que ser\u00e1 vital para seus comandados vencerem os pr\u00f3ximos tr\u00eas duelos pelo torneio: <strong>&#8220;Como perdemos para a A.A.B.B. e para o Sorocaba, equipes que tamb\u00e9m brigam pelas primeiras posi\u00e7\u00f5es, para ficarmos em primeiro ou segundo nesta primeira fase, temos que vencer todos os jogos. A partida desta ter\u00e7a-feira ser\u00e1 importante para a conquista deste objetivo&#8221;,<\/strong> declarou o treinador.<br \/>\nPela Liga Paulista, o Orl\u00e2ndia est\u00e1 na quarta coloca\u00e7\u00e3o no grupo B, com 6 pontos ganhos: duas vit\u00f3rias e duas derrotas em quatro jogos. J\u00e1 o S\u00e3o Bernardo vem logo atr\u00e1s na chave, na quinta posi\u00e7\u00e3o, com 5 pontos, divididos em uma vit\u00f3ria, dois empates, e por fim, duas derrotas.<br \/>\nAo todo, na atual edi\u00e7\u00e3o da LPF, a equipe orlandina marcou 10 gols e sofreu 9, e o time bernardense &#8220;anotou&#8221; 9 tentos contra 17 sofridos em cinco confrontos disputados.<br \/>\n&nbsp;<br \/>\nPor Assessoria FPFS<br \/>\nCom informa\u00e7\u00f5es: Carlos Silva\/ADC Intelli e Liga Paulista de Futsal (LPF)<br \/>\nFoto: Divulga\u00e7\u00e3o\/ Luan Amaral\/ADC Intelli<\/p>\n","protected":false},"excerpt":{"rendered":"<p>&nbsp; Nesta ter\u00e7a-feira (24), em jogo v\u00e1lido pela Liga Paulista de Futsal (LPF), principal competi\u00e7\u00e3o das quadras de S\u00e3o Paulo,<\/p>\n","protected":false},"author":1,"featured_media":11099,"comment_status":"closed","ping_status":"open","sticky":false,"template":"","format":"standard","meta":{"footnotes":""},"categories":[29,31,32],"tags":[138,595,940,1323,1334,1525,1556,1789,1791,1835,1841,2187,2190,2322],"class_list":["post-11096","post","type-post","status-publish","format-standard","has-post-thumbnail","hentry","category-interior","category-liga-paulista-de-futsal","category-maiores","tag-abc-paulista","tag-cidao","tag-entrevista","tag-intelli","tag-interior","tag-liga-paulista","tag-lpf","tag-orlandia","tag-orlandinos","tag-paulista","tag-paulistas","tag-sao-bernardo","tag-sao-caetano-do-sul","tag-sonora"],"_links":{"self":[{"href":"https:\/\/www.federacaopaulistadefutsal.com.br\/novo\/wp-json\/wp\/v2\/posts\/11096","targetHints":{"allow":["GET"]}}],"collection":[{"href":"https:\/\/www.federacaopaulistadefutsal.com.br\/novo\/wp-json\/wp\/v2\/posts"}],"about":[{"href":"https:\/\/www.federacaopaulistadefutsal.com.br\/novo\/wp-json\/wp\/v2\/types\/post"}],"author":[{"embeddable":true,"href":"https:\/\/www.federacaopaulistadefutsal.com.br\/novo\/wp-json\/wp\/v2\/users\/1"}],"replies":[{"embeddable":true,"href":"https:\/\/www.federacaopaulistadefutsal.com.br\/novo\/wp-json\/wp\/v2\/comments?post=11096"}],"version-history":[{"count":0,"href":"https:\/\/www.federacaopaulistadefutsal.com.br\/novo\/wp-json\/wp\/v2\/posts\/11096\/revisions"}],"wp:featuredmedia":[{"embeddable":true,"href":"https:\/\/www.federacaopaulistadefutsal.com.br\/novo\/wp-json\/"}],"wp:attachment":[{"href":"https:\/\/www.federacaopaulistadefutsal.com.br\/novo\/wp-json\/wp\/v2\/media?parent=11096"}],"wp:term":[{"taxonomy":"category","embeddable":true,"href":"https:\/\/www.federacaopaulistadefutsal.com.br\/novo\/wp-json\/wp\/v2\/categories?post=11096"},{"taxonomy":"post_tag","embeddable":true,"href":"https:\/\/www.federacaopaulistadefutsal.com.br\/novo\/wp-json\/wp\/v2\/tags?post=11096"}],"curies":[{"name":"wp","href":"https:\/\/api.w.org\/{rel}","templated":true}]}}