{"id":11114,"date":"2016-05-24T18:18:06","date_gmt":"2016-05-24T18:18:06","guid":{"rendered":"http:\/\/www.federacaopaulistadefutsal.com.br\/?p=11114"},"modified":"2016-05-24T18:18:06","modified_gmt":"2016-05-24T18:18:06","slug":"taboao-goleia-sao-bernardo-e-segue-na-vice-lideranca-do-metropolitano","status":"publish","type":"post","link":"https:\/\/www.federacaopaulistadefutsal.com.br\/novo\/taboao-goleia-sao-bernardo-e-segue-na-vice-lideranca-do-metropolitano\/","title":{"rendered":"Tabo\u00e3o goleia S\u00e3o Bernardo e segue na vice lideran\u00e7a do Metropolitano"},"content":{"rendered":"<p>&nbsp;<br \/>\nNo \u00faltimo s\u00e1bado (21), em partida v\u00e1lida pelo Campeonato Metropolitano Feminino, as meninas do C.A. Tabo\u00e3o da Serra encararam a A.D.C. S\u00e3o Bernardo no gin\u00e1sio Jos\u00e9 de Souza Sobrinho, o popular &#8220;Z\u00e9 do Feij\u00e3o&#8221;. Diante de sua torcida, as &#8220;C.A.T.S.&#8221; venceram as bernardenses por goleada de 5 a 0, e com o resultado, seguem na vice lideran\u00e7a da competi\u00e7\u00e3o, organizada pela Federa\u00e7\u00e3o Paulista de Futsal (FPFS).<br \/>\nOs gols da vit\u00f3ria &#8220;el\u00e1stica&#8221; do time taboense foram &#8220;anotados&#8221; por Susana, Aline, Gabriele, que balan\u00e7ou a rede duas vezes, e por fim, Adrielle, camisa de n\u00famero 13. Com os tentos marcados, Tabo\u00e3o chegou a seu 21\u00ba no torneio das quadras.<br \/>\nEm segundo lugar na classifica\u00e7\u00e3o geral do Metropolitano, o C.A.T.S. tem 15 pontos ganhos, divididos em cinco vit\u00f3rias e duas derrotas. J\u00e1 o S\u00e3o Bernardo, ap\u00f3s o placar adverso, segue na \u00faltima coloca\u00e7\u00e3o, a s\u00e9tima, com apenas um ponto: um empate e seis derrotas.<br \/>\nAgora, no dia 04 de junho, Tabo\u00e3o vai encarar a equipe do S\u00e3o Caetano Futsal no &#8220;Z\u00e9 do Feij\u00e3o&#8221;, a partir das 19h15. Em busca da reabilita\u00e7\u00e3o, o time bernardense medir\u00e1 for\u00e7as com o Primeiro de Maio, de Santo Andr\u00e9-SP, em cl\u00e1ssico marcado para acontecer na pr\u00f3xima quarta-feira (25), \u00e0s 19h30, no gin\u00e1sio\u00a0Adib Moys\u00e9s Dib, na regi\u00e3o do ABC paulista.<br \/>\n&nbsp;<br \/>\nPor Assessoria FPFS<br \/>\nFoto: Divulga\u00e7\u00e3o\/C.A. Tabo\u00e3o da Serra<\/p>\n","protected":false},"excerpt":{"rendered":"<p>&nbsp; No \u00faltimo s\u00e1bado (21), em partida v\u00e1lida pelo Campeonato Metropolitano Feminino, as meninas do C.A. Tabo\u00e3o da Serra encararam<\/p>\n","protected":false},"author":1,"featured_media":11124,"comment_status":"closed","ping_status":"open","sticky":false,"template":"","format":"standard","meta":{"footnotes":""},"categories":[26,32,27],"tags":[383,597,1046,1172,1201,1575,1608,1641,1650,1895,2187,2390,2392,2638],"class_list":["post-11114","post","type-post","status-publish","format-standard","has-post-thumbnail","hentry","category-feminino","category-maiores","category-metropolitano-feminino","tag-bernardenses","tag-cinco","tag-feminino","tag-garotas","tag-goleada","tag-maiores","tag-massacre","tag-meninas","tag-metropolitano","tag-placar-elastico","tag-sao-bernardo","tag-taboao-da-serra","tag-taboenses","tag-ze-do-feijao"],"_links":{"self":[{"href":"https:\/\/www.federacaopaulistadefutsal.com.br\/novo\/wp-json\/wp\/v2\/posts\/11114","targetHints":{"allow":["GET"]}}],"collection":[{"href":"https:\/\/www.federacaopaulistadefutsal.com.br\/novo\/wp-json\/wp\/v2\/posts"}],"about":[{"href":"https:\/\/www.federacaopaulistadefutsal.com.br\/novo\/wp-json\/wp\/v2\/types\/post"}],"author":[{"embeddable":true,"href":"https:\/\/www.federacaopaulistadefutsal.com.br\/novo\/wp-json\/wp\/v2\/users\/1"}],"replies":[{"embeddable":true,"href":"https:\/\/www.federacaopaulistadefutsal.com.br\/novo\/wp-json\/wp\/v2\/comments?post=11114"}],"version-history":[{"count":0,"href":"https:\/\/www.federacaopaulistadefutsal.com.br\/novo\/wp-json\/wp\/v2\/posts\/11114\/revisions"}],"wp:featuredmedia":[{"embeddable":true,"href":"https:\/\/www.federacaopaulistadefutsal.com.br\/novo\/wp-json\/"}],"wp:attachment":[{"href":"https:\/\/www.federacaopaulistadefutsal.com.br\/novo\/wp-json\/wp\/v2\/media?parent=11114"}],"wp:term":[{"taxonomy":"category","embeddable":true,"href":"https:\/\/www.federacaopaulistadefutsal.com.br\/novo\/wp-json\/wp\/v2\/categories?post=11114"},{"taxonomy":"post_tag","embeddable":true,"href":"https:\/\/www.federacaopaulistadefutsal.com.br\/novo\/wp-json\/wp\/v2\/tags?post=11114"}],"curies":[{"name":"wp","href":"https:\/\/api.w.org\/{rel}","templated":true}]}}