{"id":11168,"date":"2016-05-27T10:34:19","date_gmt":"2016-05-27T10:34:19","guid":{"rendered":"http:\/\/www.federacaopaulistadefutsal.com.br\/?p=11168"},"modified":"2016-05-27T10:34:19","modified_gmt":"2016-05-27T10:34:19","slug":"vale-do-paraiba-sao-jose-recebe-gauchos-da-alaf-pela-liga-nacional","status":"publish","type":"post","link":"https:\/\/www.federacaopaulistadefutsal.com.br\/novo\/vale-do-paraiba-sao-jose-recebe-gauchos-da-alaf-pela-liga-nacional\/","title":{"rendered":"Vale do Para\u00edba: S\u00e3o Jos\u00e9 recebe ga\u00fachos da ALAF pela Liga Nacional"},"content":{"rendered":"<p>&nbsp;<\/p>\n<p class=\"western\">Nesta sexta-feira (27), a equipe do S\u00e3o Jos\u00e9 Futsal vai encarar a ALAF, de Lajeado-RS, pela s\u00e9tima rodada da Liga Nacional. O jogo entre os times paulista e ga\u00facho est\u00e1 marcado para acontecer a partir das 20h15, no gin\u00e1sio do T\u00eanis Clube.<\/p>\n<p class=\"western\">No \u00faltimo confronto na competi\u00e7\u00e3o, a equipe joseense encarou o Cascavel, do Paran\u00e1, e venceu pelo placar de 3 a 1, jogando no Gin\u00e1sio da Neva. J\u00e1 o advers\u00e1rio de logo mais \u00e0 noite vem de empate com o Marreco (PR), no Univates, por 1 a 1.<\/p>\n<p class=\"western\">Ala do S\u00e3o Jos\u00e9, Henrique declarou o seguinte sobre a equipe de Lajeado-RS: <strong>&#8220;Mesmo com a equipe da ALAF estando um pouco mais abaixo do que n\u00f3s na tabela, podemos esperar um confronto t\u00e3o dif\u00edcil ou at\u00e9 mais do que foi contra o Cascavel. Sabemos da qualidade dos jogadores de l\u00e1, respeitamos isso, mas vamos buscar os tr\u00eas pontos dentro de casa e esperamos um excelente jogo no T\u00eanis Clube&#8221;,<\/strong> disse o jogador.<\/p>\n<p class=\"western\">Pela Liga Nacional, o time joseense est\u00e1 na 7\u00aa coloca\u00e7\u00e3o, com 10 pontos ganhos, divididos em tr\u00eas vit\u00f3rias, um empate e duas derrotas. Em situa\u00e7\u00e3o oposta na tabela, a ALAF vem na 18\u00aa posi\u00e7\u00e3o, com 3 pontos: tr\u00eas empates e duas derrotas.<\/p>\n<p class=\"western\">Por Assessoria FPFS<\/p>\n<p class=\"western\">Com informa\u00e7\u00f5es e foto: Brenno Domingues\/Quarttus Marketing<\/p>\n","protected":false},"excerpt":{"rendered":"<p>&nbsp; Nesta sexta-feira (27), a equipe do S\u00e3o Jos\u00e9 Futsal vai encarar a ALAF, de Lajeado-RS, pela s\u00e9tima rodada da<\/p>\n","protected":false},"author":1,"featured_media":11173,"comment_status":"closed","ping_status":"open","sticky":false,"template":"","format":"standard","meta":{"footnotes":""},"categories":[29,30,32],"tags":[191,648,1178,1447,1523,1546,1841,2123,2198,2434,2548],"class_list":["post-11168","post","type-post","status-publish","format-standard","has-post-thumbnail","hentry","category-interior","category-liga-nacional-de-futsal","category-maiores","tag-alaf","tag-competicao","tag-gauchos","tag-joseenses","tag-liga-nacional","tag-lnf","tag-paulistas","tag-rio-grande-do-sul","tag-sao-jose","tag-tenis-clube","tag-vale-do-paraiba"],"_links":{"self":[{"href":"https:\/\/www.federacaopaulistadefutsal.com.br\/novo\/wp-json\/wp\/v2\/posts\/11168","targetHints":{"allow":["GET"]}}],"collection":[{"href":"https:\/\/www.federacaopaulistadefutsal.com.br\/novo\/wp-json\/wp\/v2\/posts"}],"about":[{"href":"https:\/\/www.federacaopaulistadefutsal.com.br\/novo\/wp-json\/wp\/v2\/types\/post"}],"author":[{"embeddable":true,"href":"https:\/\/www.federacaopaulistadefutsal.com.br\/novo\/wp-json\/wp\/v2\/users\/1"}],"replies":[{"embeddable":true,"href":"https:\/\/www.federacaopaulistadefutsal.com.br\/novo\/wp-json\/wp\/v2\/comments?post=11168"}],"version-history":[{"count":0,"href":"https:\/\/www.federacaopaulistadefutsal.com.br\/novo\/wp-json\/wp\/v2\/posts\/11168\/revisions"}],"wp:featuredmedia":[{"embeddable":true,"href":"https:\/\/www.federacaopaulistadefutsal.com.br\/novo\/wp-json\/"}],"wp:attachment":[{"href":"https:\/\/www.federacaopaulistadefutsal.com.br\/novo\/wp-json\/wp\/v2\/media?parent=11168"}],"wp:term":[{"taxonomy":"category","embeddable":true,"href":"https:\/\/www.federacaopaulistadefutsal.com.br\/novo\/wp-json\/wp\/v2\/categories?post=11168"},{"taxonomy":"post_tag","embeddable":true,"href":"https:\/\/www.federacaopaulistadefutsal.com.br\/novo\/wp-json\/wp\/v2\/tags?post=11168"}],"curies":[{"name":"wp","href":"https:\/\/api.w.org\/{rel}","templated":true}]}}