{"id":11206,"date":"2016-05-29T13:40:54","date_gmt":"2016-05-29T13:40:54","guid":{"rendered":"http:\/\/www.federacaopaulistadefutsal.com.br\/?p=11206"},"modified":"2016-05-29T13:40:54","modified_gmt":"2016-05-29T13:40:54","slug":"em-dia-de-goleiros-yoka-e-sao-jose-ficam-no-empate-pela-liga-paulista","status":"publish","type":"post","link":"https:\/\/www.federacaopaulistadefutsal.com.br\/novo\/em-dia-de-goleiros-yoka-e-sao-jose-ficam-no-empate-pela-liga-paulista\/","title":{"rendered":"Em dia de goleiros, Yoka e S\u00e3o Jos\u00e9 ficam no empate pela Liga Paulista"},"content":{"rendered":"<p>&nbsp;<br \/>\nNa manh\u00e3 deste domingo (29), em jogo v\u00e1lido pela Liga Paulista de Futsal (LPF), a A.D. Yoka, de Guaratinguet\u00e1-SP, recebeu o S\u00e3o Jos\u00e9 no gin\u00e1sio do Itaguar\u00e1 Country Clube. Diante de sua torcida, o time de &#8220;Guar\u00e1&#8221; empatou com o rival do Vale do Para\u00edba pelo placar de 0 a 0, em um confronto em que os goleiros de ambas as equipes fecharam suas metas.<br \/>\nEm um jogo equilibrado nas quatro linhas, guaratinguetaenses e joseenses insistiram para tentar abrir o marcador, mas pararam nas defesas dos arqueiros. Do lado da Yoka, Jhow fez grandes interven\u00e7\u00f5es, e para o S\u00e3o Jos\u00e9, trabalhando muito debaixo das traves, Brun\u00e3o Lamb\u00e3o impediu que o zero sa\u00edsse do placar.<br \/>\nCom o resultado, a equipe de Guaratinguet\u00e1-SP segue na terceira coloca\u00e7\u00e3o no grupo A da Liga Paulista, com 9 pontos ganhos: duas vit\u00f3rias, tr\u00eas empates, e por fim, uma derrota. J\u00e1 o time joseense continua na vice lideran\u00e7a na chave, com 16 pontos: cinco vit\u00f3rias e um empate.<br \/>\nAgora, no dia 14 de junho, a Yoka medir\u00e1 for\u00e7as com o Atl\u00e9tico Guarulhense, \u00faltimo colocado no grupo A da LPF, a partir das 20h00, no C\u00e9u Cumbica, em Guarulhos-SP. No dia 22, o S\u00e3o Jos\u00e9 vai encarar o Jacare\u00ed Futsal, \u00e0s 20h00, no gin\u00e1sio do T\u00eanis Clube.<br \/>\n&nbsp;<br \/>\nPor Assessoria FPFS<br \/>\nCom informa\u00e7\u00f5es: Liga Paulista de Futsal (LPF)<br \/>\nFoto: Divulga\u00e7\u00e3o\/ Brenno Domingues\/Quarttus Marketing<\/p>\n","protected":false},"excerpt":{"rendered":"<p>&nbsp; Na manh\u00e3 deste domingo (29), em jogo v\u00e1lido pela Liga Paulista de Futsal (LPF), a A.D. Yoka, de Guaratinguet\u00e1-SP,<\/p>\n","protected":false},"author":1,"featured_media":11208,"comment_status":"closed","ping_status":"open","sticky":false,"template":"","format":"standard","meta":{"footnotes":""},"categories":[29,31,32],"tags":[272,929,1207,1237,1240,1447,1525,1556,1835,2198,2548,2631],"class_list":["post-11206","post","type-post","status-publish","format-standard","has-post-thumbnail","hentry","category-interior","category-liga-paulista-de-futsal","category-maiores","tag-arqueiros","tag-empate","tag-goleiros","tag-guara","tag-guaratingueta","tag-joseenses","tag-liga-paulista","tag-lpf","tag-paulista","tag-sao-jose","tag-vale-do-paraiba","tag-yoka"],"_links":{"self":[{"href":"https:\/\/www.federacaopaulistadefutsal.com.br\/novo\/wp-json\/wp\/v2\/posts\/11206","targetHints":{"allow":["GET"]}}],"collection":[{"href":"https:\/\/www.federacaopaulistadefutsal.com.br\/novo\/wp-json\/wp\/v2\/posts"}],"about":[{"href":"https:\/\/www.federacaopaulistadefutsal.com.br\/novo\/wp-json\/wp\/v2\/types\/post"}],"author":[{"embeddable":true,"href":"https:\/\/www.federacaopaulistadefutsal.com.br\/novo\/wp-json\/wp\/v2\/users\/1"}],"replies":[{"embeddable":true,"href":"https:\/\/www.federacaopaulistadefutsal.com.br\/novo\/wp-json\/wp\/v2\/comments?post=11206"}],"version-history":[{"count":0,"href":"https:\/\/www.federacaopaulistadefutsal.com.br\/novo\/wp-json\/wp\/v2\/posts\/11206\/revisions"}],"wp:featuredmedia":[{"embeddable":true,"href":"https:\/\/www.federacaopaulistadefutsal.com.br\/novo\/wp-json\/"}],"wp:attachment":[{"href":"https:\/\/www.federacaopaulistadefutsal.com.br\/novo\/wp-json\/wp\/v2\/media?parent=11206"}],"wp:term":[{"taxonomy":"category","embeddable":true,"href":"https:\/\/www.federacaopaulistadefutsal.com.br\/novo\/wp-json\/wp\/v2\/categories?post=11206"},{"taxonomy":"post_tag","embeddable":true,"href":"https:\/\/www.federacaopaulistadefutsal.com.br\/novo\/wp-json\/wp\/v2\/tags?post=11206"}],"curies":[{"name":"wp","href":"https:\/\/api.w.org\/{rel}","templated":true}]}}