{"id":11252,"date":"2016-05-31T10:19:33","date_gmt":"2016-05-31T10:19:33","guid":{"rendered":"http:\/\/www.federacaopaulistadefutsal.com.br\/?p=11252"},"modified":"2016-05-31T10:19:33","modified_gmt":"2016-05-31T10:19:33","slug":"c-a-juventus-reinaugura-ginasio-de-futsal-na-capital-paulista","status":"publish","type":"post","link":"https:\/\/www.federacaopaulistadefutsal.com.br\/novo\/c-a-juventus-reinaugura-ginasio-de-futsal-na-capital-paulista\/","title":{"rendered":"C.A. Juventus reinaugura gin\u00e1sio de futsal na capital paulista"},"content":{"rendered":"<p>&nbsp;<br \/>\nNo \u00faltimo s\u00e1bado (28), o C.A. Juventus reinaugurou seu gin\u00e1sio, localizado no bairro da Mooca, na sede juventina, na zona leste de S\u00e3o Paulo-SP. A quadra estava desativada h\u00e1 alguns anos, e agora, deve ser utilizada nos desafios do &#8220;Moleque Travesso&#8221; pelas categorias menores, e tamb\u00e9m, por associados do clube \u00edtalo-brasileiro.<br \/>\nPresidente do Juve, Rodolfo Cetertick destacou a import\u00e2ncia de se reabrir o tradicional local do esporte das quatro linhas, e para ele, a presen\u00e7a de Alexandre Amaral, ex-atleta de futsal na d\u00e9cada de 80, \u00e9 primordial para que o &#8220;pontap\u00e9 inicial&#8221; seja dado na mais &#8220;nova&#8221; casa juventina.<br \/>\n<a href=\"http:\/\/www.federacaopaulistadefutsal.com.br\/wp-content\/uploads\/2016\/05\/Juventus_personalidades.jpg\"><img fetchpriority=\"high\" decoding=\"async\" class=\"aligncenter size-full wp-image-11257\" src=\"http:\/\/www.federacaopaulistadefutsal.com.br\/wp-content\/uploads\/2016\/05\/Juventus_personalidades.jpg\" alt=\"Juventus_personalidades\" width=\"665\" height=\"374\" \/><\/a><br \/>\nO ex-jogador, curiosamente, esteve no lan\u00e7amento do agora reaberto gin\u00e1sio, que aconteceu no ano de 1981. Alexandre \u00e9 filho de Silvio dos Santos Amaral, \u00eddolo de futebol do Juventus, e que entrou em campo com a camisa gren\u00e1 e branca entre 1960 e 1963.<br \/>\nO primeiro toque na bola no centro do reinaugurado local foi dado pelo presidente do &#8220;Moleque Travesso&#8221;, Rodolfo Cetertick. Depois, um grupo de associados do Juve entraram em quadra, jogando uma partida de estreia.<br \/>\n&nbsp;<br \/>\nPor Assessoria FPFS<br \/>\nCom informa\u00e7\u00f5es: C.A. Juventus<br \/>\nFotos: Divulga\u00e7\u00e3o\/C.A. Juventus<\/p>\n","protected":false},"excerpt":{"rendered":"<p>&nbsp; No \u00faltimo s\u00e1bado (28), o C.A. Juventus reinaugurou seu gin\u00e1sio, localizado no bairro da Mooca, na sede juventina, na<\/p>\n","protected":false},"author":1,"featured_media":11253,"comment_status":"closed","ping_status":"open","sticky":false,"template":"","format":"standard","meta":{"footnotes":""},"categories":[25,32,33],"tags":[144,509,987,1003,1189,1228,1280,1358,1458,1462,1686,1690,1956,2004,2058,2077,2207,2641],"class_list":["post-11252","post","type-post","status-publish","format-standard","has-post-thumbnail","hentry","category-destaques","category-maiores","category-menores","tag-abertura","tag-capital","tag-estreia","tag-ex-jogador","tag-ginasio","tag-grena","tag-idolo","tag-italo-brasileiro","tag-juve","tag-juventus","tag-moleque-travesso","tag-mooca","tag-presidente","tag-quadra","tag-reestreia","tag-reinauguracao","tag-sao-paulo","tag-zona-leste"],"_links":{"self":[{"href":"https:\/\/www.federacaopaulistadefutsal.com.br\/novo\/wp-json\/wp\/v2\/posts\/11252","targetHints":{"allow":["GET"]}}],"collection":[{"href":"https:\/\/www.federacaopaulistadefutsal.com.br\/novo\/wp-json\/wp\/v2\/posts"}],"about":[{"href":"https:\/\/www.federacaopaulistadefutsal.com.br\/novo\/wp-json\/wp\/v2\/types\/post"}],"author":[{"embeddable":true,"href":"https:\/\/www.federacaopaulistadefutsal.com.br\/novo\/wp-json\/wp\/v2\/users\/1"}],"replies":[{"embeddable":true,"href":"https:\/\/www.federacaopaulistadefutsal.com.br\/novo\/wp-json\/wp\/v2\/comments?post=11252"}],"version-history":[{"count":0,"href":"https:\/\/www.federacaopaulistadefutsal.com.br\/novo\/wp-json\/wp\/v2\/posts\/11252\/revisions"}],"wp:featuredmedia":[{"embeddable":true,"href":"https:\/\/www.federacaopaulistadefutsal.com.br\/novo\/wp-json\/"}],"wp:attachment":[{"href":"https:\/\/www.federacaopaulistadefutsal.com.br\/novo\/wp-json\/wp\/v2\/media?parent=11252"}],"wp:term":[{"taxonomy":"category","embeddable":true,"href":"https:\/\/www.federacaopaulistadefutsal.com.br\/novo\/wp-json\/wp\/v2\/categories?post=11252"},{"taxonomy":"post_tag","embeddable":true,"href":"https:\/\/www.federacaopaulistadefutsal.com.br\/novo\/wp-json\/wp\/v2\/tags?post=11252"}],"curies":[{"name":"wp","href":"https:\/\/api.w.org\/{rel}","templated":true}]}}