{"id":11304,"date":"2016-06-01T13:36:18","date_gmt":"2016-06-01T13:36:18","guid":{"rendered":"http:\/\/www.federacaopaulistadefutsal.com.br\/?p=11304"},"modified":"2016-06-01T13:36:18","modified_gmt":"2016-06-01T13:36:18","slug":"apos-anunciar-pivo-lukaian-orlandia-traz-de-volta-ala-augusto","status":"publish","type":"post","link":"https:\/\/www.federacaopaulistadefutsal.com.br\/novo\/apos-anunciar-pivo-lukaian-orlandia-traz-de-volta-ala-augusto\/","title":{"rendered":"Ap\u00f3s anunciar piv\u00f4 Lukaian, Orl\u00e2ndia traz de volta ala Augusto"},"content":{"rendered":"<p>&nbsp;<br \/>\nAp\u00f3s recentemente anunciar a contrata\u00e7\u00e3o do piv\u00f4 Lukaian, o Orl\u00e2ndia, atrav\u00e9s de sua diretoria, traz mais uma novidade para a temporada. Trata-se do ala Augusto, outro &#8220;velho&#8221; conhecido da torcida orlandina, refor\u00e7o que est\u00e1 de volta ao time do interior paulista.<br \/>\n<strong>&#8220;Sempre objetivei voltar ao Brasil para jogar em um time grande, e retornar \u00e0 Intelli, \u00e9 algo que me deixa ainda mais feliz, pois foi onde conquistei v\u00e1rios t\u00edtulos. \u00c9 muito bom estar retornando para onde me sinto em casa, agora espero ter o mesmo desempenho que tive em minha primeira passagem&#8221;,<\/strong> declarou Augusto, que retorna ao pa\u00eds depois de passagem pelo Al-Arabi, clube do Kuwait.<br \/>\nCom a camisa do Orl\u00e2ndia, o ala conquistou duas edi\u00e7\u00f5es da Liga Futsal, nas temporadas 2011 e 2012, e o Sul-Americano, em 2013. Aos 29 anos, o atleta se prepara para procurar entrar, e bem, nas quatro linhas das quadras: <strong>&#8220;Venho fazendo trabalhos f\u00edsicos h\u00e1 algum tempo e estou sempre em contato o Saulo (Davi, fisioterapeuta) e o Laurindo (preparador f\u00edsico) para chegar na Intelli na melhor condi\u00e7\u00e3o poss\u00edvel&#8221;,<\/strong> finalizou o contratado.<br \/>\nAugusto deve se apresentar ao t\u00e9cnico Cid\u00e3o, juntamente com o restante do elenco, no dia 11 de junho. Seis dias depois, 17\/06, pode at\u00e9 jogar pela Liga Nacional, em cl\u00e1ssico contra o Carlos Barbosa, do Rio Grande do Sul.<br \/>\n&nbsp;<br \/>\nPor Assessoria FPFS<br \/>\nCom informa\u00e7\u00f5es: ADC Intelli<br \/>\nFoto: Divulga\u00e7\u00e3o\/ M\u00e1rcio Dami\u00e3o\/ADC Intelli<\/p>\n","protected":false},"excerpt":{"rendered":"<p>&nbsp; Ap\u00f3s recentemente anunciar a contrata\u00e7\u00e3o do piv\u00f4 Lukaian, o Orl\u00e2ndia, atrav\u00e9s de sua diretoria, traz mais uma novidade para<\/p>\n","protected":false},"author":1,"featured_media":11305,"comment_status":"closed","ping_status":"open","sticky":false,"template":"","format":"standard","meta":{"footnotes":""},"categories":[25,29,32],"tags":[190,234,320,391,689,781,854,1323,1789,1791,2062,2106],"class_list":["post-11304","post","type-post","status-publish","format-standard","has-post-thumbnail","hentry","category-destaques","category-interior","category-maiores","tag-ala","tag-anuncia","tag-augusto","tag-bicampeao","tag-contratacao","tag-de-volta","tag-diretoria","tag-intelli","tag-orlandia","tag-orlandinos","tag-reforco","tag-retorno"],"_links":{"self":[{"href":"https:\/\/www.federacaopaulistadefutsal.com.br\/novo\/wp-json\/wp\/v2\/posts\/11304","targetHints":{"allow":["GET"]}}],"collection":[{"href":"https:\/\/www.federacaopaulistadefutsal.com.br\/novo\/wp-json\/wp\/v2\/posts"}],"about":[{"href":"https:\/\/www.federacaopaulistadefutsal.com.br\/novo\/wp-json\/wp\/v2\/types\/post"}],"author":[{"embeddable":true,"href":"https:\/\/www.federacaopaulistadefutsal.com.br\/novo\/wp-json\/wp\/v2\/users\/1"}],"replies":[{"embeddable":true,"href":"https:\/\/www.federacaopaulistadefutsal.com.br\/novo\/wp-json\/wp\/v2\/comments?post=11304"}],"version-history":[{"count":0,"href":"https:\/\/www.federacaopaulistadefutsal.com.br\/novo\/wp-json\/wp\/v2\/posts\/11304\/revisions"}],"wp:featuredmedia":[{"embeddable":true,"href":"https:\/\/www.federacaopaulistadefutsal.com.br\/novo\/wp-json\/"}],"wp:attachment":[{"href":"https:\/\/www.federacaopaulistadefutsal.com.br\/novo\/wp-json\/wp\/v2\/media?parent=11304"}],"wp:term":[{"taxonomy":"category","embeddable":true,"href":"https:\/\/www.federacaopaulistadefutsal.com.br\/novo\/wp-json\/wp\/v2\/categories?post=11304"},{"taxonomy":"post_tag","embeddable":true,"href":"https:\/\/www.federacaopaulistadefutsal.com.br\/novo\/wp-json\/wp\/v2\/tags?post=11304"}],"curies":[{"name":"wp","href":"https:\/\/api.w.org\/{rel}","templated":true}]}}