{"id":11374,"date":"2016-06-06T11:00:03","date_gmt":"2016-06-06T11:00:03","guid":{"rendered":"http:\/\/www.federacaopaulistadefutsal.com.br\/?p=11374"},"modified":"2016-06-06T11:00:03","modified_gmt":"2016-06-06T11:00:03","slug":"bauruenses-da-a-a-fib-recebem-corinthians-pela-liga-paulista","status":"publish","type":"post","link":"https:\/\/www.federacaopaulistadefutsal.com.br\/novo\/bauruenses-da-a-a-fib-recebem-corinthians-pela-liga-paulista\/","title":{"rendered":"Bauruenses da A.A. FIB recebem Corinthians pela Liga Paulista"},"content":{"rendered":"<p>&nbsp;<br \/>\nNesta segunda-feira (06), a A.A. FIB, de Bauru-SP, recebe o Corinthians em jogo v\u00e1lido pela Liga Paulista de Futsal (LPF), principal competi\u00e7\u00e3o das quadras de S\u00e3o Paulo. A partida entre os times do interior e da capital est\u00e1 marcada para acontecer \u00e0s 20h00, no gin\u00e1sio Duduz\u00e3o.<br \/>\nNo \u00faltimo confronto no torneio estadual, a equipe bauruense mediu for\u00e7as com a A.D. Yoka, e diante de sua torcida, empatou pelo placar de 1 a 1. J\u00e1 o Tim\u00e3o vem de vit\u00f3ria contra o Pompeia por goleada de 3 a 0, em duelo que aconteceu no Parque S\u00e3o Jorge.<br \/>\nPensando na partida de logo mais \u00e0 noite, e principalmente, nos pr\u00f3ximos desafios da A.A. FIB, Everton Carvalho, o &#8220;Alem\u00e3o&#8221;, t\u00e9cnico do time de Bauru-SP, declarou o seguinte: <strong>&#8220;Depois dessa rodada, vamos encarar dois rivais diretos por uma vaga na segunda fase, o Pulo do Gato, novamente em Bauru-SP, e o S\u00e3o Caetano, no ABC, por isso, pontuar contra o Corinthians nos far\u00e1 chegar \u00e0s duas partidas finais com mais tranquilidade&#8221;,<\/strong> disse o treinador.<br \/>\nPela Liga Paulista, a equipe bauruense est\u00e1 na quinta coloca\u00e7\u00e3o no grupo A, com 7 pontos ganhos: duas vit\u00f3rias, um empate, e por fim, duas derrotas. Ainda sem saber o que \u00e9 perder na competi\u00e7\u00e3o, o Corinthians \u00e9 o l\u00edder na chave, com 17 pontos, divididos em cinco vit\u00f3rias e dois empates.<br \/>\n<strong>&#8220;Sabemos que ser\u00e1 um jogo dif\u00edcil, mas precisamos confiar na capacidade e na qualidade do nosso grupo. Se nos dedicarmos do primeiro ao \u00faltimo segundo do jogo e nos empenharmos para fazer o nosso melhor, vamos chegar aos nossos objetivos&#8221;,<\/strong> finalizou o t\u00e9cnico da A.A. FIB.<br \/>\n&nbsp;<br \/>\nPor Assessoria FPFS<br \/>\nCom informa\u00e7\u00f5es e foto: Rafael Peloso\/A.A. FIB<\/p>\n","protected":false},"excerpt":{"rendered":"<p>&nbsp; Nesta segunda-feira (06), a A.A. FIB, de Bauru-SP, recebe o Corinthians em jogo v\u00e1lido pela Liga Paulista de Futsal<\/p>\n","protected":false},"author":1,"featured_media":11376,"comment_status":"closed","ping_status":"open","sticky":false,"template":"","format":"standard","meta":{"footnotes":""},"categories":[29,31,32],"tags":[99,196,203,367,369,509,734,888,940,999,1334,1525,1556,1824,1835,2323,2457],"class_list":["post-11374","post","type-post","status-publish","format-standard","has-post-thumbnail","hentry","category-interior","category-liga-paulista-de-futsal","category-maiores","tag-a-a-fib","tag-alemao","tag-alvinegro","tag-bauru","tag-bauruenses","tag-capital","tag-corinthians","tag-duelo","tag-entrevista","tag-everton-carvalho","tag-interior","tag-liga-paulista","tag-lpf","tag-partida","tag-paulista","tag-sonoras","tag-timao"],"_links":{"self":[{"href":"https:\/\/www.federacaopaulistadefutsal.com.br\/novo\/wp-json\/wp\/v2\/posts\/11374","targetHints":{"allow":["GET"]}}],"collection":[{"href":"https:\/\/www.federacaopaulistadefutsal.com.br\/novo\/wp-json\/wp\/v2\/posts"}],"about":[{"href":"https:\/\/www.federacaopaulistadefutsal.com.br\/novo\/wp-json\/wp\/v2\/types\/post"}],"author":[{"embeddable":true,"href":"https:\/\/www.federacaopaulistadefutsal.com.br\/novo\/wp-json\/wp\/v2\/users\/1"}],"replies":[{"embeddable":true,"href":"https:\/\/www.federacaopaulistadefutsal.com.br\/novo\/wp-json\/wp\/v2\/comments?post=11374"}],"version-history":[{"count":0,"href":"https:\/\/www.federacaopaulistadefutsal.com.br\/novo\/wp-json\/wp\/v2\/posts\/11374\/revisions"}],"wp:featuredmedia":[{"embeddable":true,"href":"https:\/\/www.federacaopaulistadefutsal.com.br\/novo\/wp-json\/"}],"wp:attachment":[{"href":"https:\/\/www.federacaopaulistadefutsal.com.br\/novo\/wp-json\/wp\/v2\/media?parent=11374"}],"wp:term":[{"taxonomy":"category","embeddable":true,"href":"https:\/\/www.federacaopaulistadefutsal.com.br\/novo\/wp-json\/wp\/v2\/categories?post=11374"},{"taxonomy":"post_tag","embeddable":true,"href":"https:\/\/www.federacaopaulistadefutsal.com.br\/novo\/wp-json\/wp\/v2\/tags?post=11374"}],"curies":[{"name":"wp","href":"https:\/\/api.w.org\/{rel}","templated":true}]}}