{"id":11391,"date":"2016-06-07T12:28:56","date_gmt":"2016-06-07T12:28:56","guid":{"rendered":"http:\/\/www.federacaopaulistadefutsal.com.br\/?p=11391"},"modified":"2016-06-07T12:28:56","modified_gmt":"2016-06-07T12:28:56","slug":"ex-jacarei-futsal-fixo-rodrigo-acerta-com-mogiano-visando-liga-paulista","status":"publish","type":"post","link":"https:\/\/www.federacaopaulistadefutsal.com.br\/novo\/ex-jacarei-futsal-fixo-rodrigo-acerta-com-mogiano-visando-liga-paulista\/","title":{"rendered":"Ex-Jacare\u00ed Futsal, fixo Rodrigo acerta com Mogiano visando Liga Paulista"},"content":{"rendered":"<p>&nbsp;<br \/>\nDepois de recente passagem pelo Jacare\u00ed Futsal, um dos representantes do Vale do Para\u00edba na Liga Paulista, o jogador Rodrigo Mogi est\u00e1 de volta a outro clube do futsal de S\u00e3o Paulo. Nesta semana, o atleta, que atua como fixo nas quatro linhas, acertou contrato com o Gr\u00eamio Mogiano, de Mogi das Cruzes-SP, do t\u00e9cnico Willer Fernandes, e agora, disputar\u00e1 a LPF pelo time da grande SP.<br \/>\nEntusiasmado com seu retorno \u00e0 equipe mogiana, Rodrigo, em entrevista ao portal &#8220;Futsal em Pauta&#8221;, declarou o seguinte: <strong>&#8220;Estou feliz com esta minha volta. Acredito no projeto, vou dar sequ\u00eancia aos meus estudos e ficar com a minha fam\u00edlia, j\u00e1 que tamb\u00e9m moro aqui&#8221;,<\/strong> enfatizou o fixo.<br \/>\nSua nova equipe, o Gr\u00eamio Mogiano, est\u00e1 na s\u00e9tima coloca\u00e7\u00e3o no grupo B da Liga Paulista, com 3 pontos ganhos, divididos em tr\u00eas empates e tr\u00eas derrotas. O pr\u00f3ximo desafio do time de Mogi ser\u00e1 diante do Taubat\u00e9 no dia 15, a partir das 20h00, no gin\u00e1sio da Vila Aparecida, casa dos taubateanos.<br \/>\n&nbsp;<br \/>\nPor Assessoria FPFS<br \/>\nCom informa\u00e7\u00f5es: Futsal em Pauta<br \/>\nFoto: Reprodu\u00e7\u00e3o\/Futsal em Pauta<br \/>\n&nbsp;<\/p>\n","protected":false},"excerpt":{"rendered":"<p>&nbsp; Depois de recente passagem pelo Jacare\u00ed Futsal, um dos representantes do Vale do Para\u00edba na Liga Paulista, o jogador<\/p>\n","protected":false},"author":1,"featured_media":11393,"comment_status":"closed","ping_status":"open","sticky":false,"template":"","format":"standard","meta":{"footnotes":""},"categories":[31,32],"tags":[308,689,940,1088,1225,1381,1409,1525,1556,1645,1719,2138,2323],"class_list":["post-11391","post","type-post","status-publish","format-standard","has-post-thumbnail","hentry","category-liga-paulista-de-futsal","category-maiores","tag-atleta","tag-contratacao","tag-entrevista","tag-fixo","tag-gremio-mogiano","tag-jacarei-futsal","tag-jogador","tag-liga-paulista","tag-lpf","tag-mercado","tag-negociacoes","tag-rodrigo-mogi","tag-sonoras"],"_links":{"self":[{"href":"https:\/\/www.federacaopaulistadefutsal.com.br\/novo\/wp-json\/wp\/v2\/posts\/11391","targetHints":{"allow":["GET"]}}],"collection":[{"href":"https:\/\/www.federacaopaulistadefutsal.com.br\/novo\/wp-json\/wp\/v2\/posts"}],"about":[{"href":"https:\/\/www.federacaopaulistadefutsal.com.br\/novo\/wp-json\/wp\/v2\/types\/post"}],"author":[{"embeddable":true,"href":"https:\/\/www.federacaopaulistadefutsal.com.br\/novo\/wp-json\/wp\/v2\/users\/1"}],"replies":[{"embeddable":true,"href":"https:\/\/www.federacaopaulistadefutsal.com.br\/novo\/wp-json\/wp\/v2\/comments?post=11391"}],"version-history":[{"count":0,"href":"https:\/\/www.federacaopaulistadefutsal.com.br\/novo\/wp-json\/wp\/v2\/posts\/11391\/revisions"}],"wp:featuredmedia":[{"embeddable":true,"href":"https:\/\/www.federacaopaulistadefutsal.com.br\/novo\/wp-json\/"}],"wp:attachment":[{"href":"https:\/\/www.federacaopaulistadefutsal.com.br\/novo\/wp-json\/wp\/v2\/media?parent=11391"}],"wp:term":[{"taxonomy":"category","embeddable":true,"href":"https:\/\/www.federacaopaulistadefutsal.com.br\/novo\/wp-json\/wp\/v2\/categories?post=11391"},{"taxonomy":"post_tag","embeddable":true,"href":"https:\/\/www.federacaopaulistadefutsal.com.br\/novo\/wp-json\/wp\/v2\/tags?post=11391"}],"curies":[{"name":"wp","href":"https:\/\/api.w.org\/{rel}","templated":true}]}}