{"id":11487,"date":"2016-06-11T18:15:39","date_gmt":"2016-06-11T18:15:39","guid":{"rendered":"http:\/\/www.federacaopaulistadefutsal.com.br\/?p=11487"},"modified":"2016-06-11T18:15:39","modified_gmt":"2016-06-11T18:15:39","slug":"orlandia-vence-floripa-e-assume-lideranca-na-liga-nacional-de-futsal","status":"publish","type":"post","link":"https:\/\/www.federacaopaulistadefutsal.com.br\/novo\/orlandia-vence-floripa-e-assume-lideranca-na-liga-nacional-de-futsal\/","title":{"rendered":"Orl\u00e2ndia vence Floripa e assume lideran\u00e7a na Liga Nacional de Futsal"},"content":{"rendered":"<p>&nbsp;<br \/>\nNa noite da \u00faltima sexta-feira (10), em jogo v\u00e1lido pela nona rodada da Liga Nacional de Futsal (LNF), o Orl\u00e2ndia encarou o Floripa (SC) fora de casa, no gin\u00e1sio Rozendo Lima, em Florian\u00f3polis-SC. O time orlandino venceu o de Santa Catarina pelo placar de 2 a 1, e com o resultado, assumiu a lideran\u00e7a na competi\u00e7\u00e3o.<br \/>\nOs gols da vit\u00f3ria da equipe paulista foram &#8220;anotados&#8221; pelos seguintes jogadores: Renan e Gadeia. Para os catarinenses, Binho colocou no fundo da rede do goleiro Gian &#8220;Wolverine&#8221;.<br \/>\nPela Liga Nacional, o Orl\u00e2ndia, agora, soma 18 pontos ganhos, divididos em cinco vit\u00f3rias e tr\u00eas empates. O pr\u00f3ximo desafio do time de S\u00e3o Paulo, do t\u00e9cnico Cid\u00e3o, ser\u00e1 diante do Carlos Barbosa, do Rio Grande do Sul, atual campe\u00e3o do torneio das quadras.<br \/>\nA partida entre os times paulista e ga\u00facho est\u00e1 marcada para acontecer na pr\u00f3xima sexta-feira (17), a partir das 20h15, na Arena Jo\u00e3o Mambrini, em S\u00e3o Sebasti\u00e3o do Para\u00edso-MG.<br \/>\n&nbsp;<br \/>\nPor Assessoria FPFS<br \/>\nCom informa\u00e7\u00f5es: ADC Intelli\/Liga Nacional de Futsal (LNF)<br \/>\nFoto: Divulga\u00e7\u00e3o\/ Luan Amaral\/ADC Intelli<\/p>\n","protected":false},"excerpt":{"rendered":"<p>&nbsp; Na noite da \u00faltima sexta-feira (10), em jogo v\u00e1lido pela nona rodada da Liga Nacional de Futsal (LNF), o<\/p>\n","protected":false},"author":1,"featured_media":11488,"comment_status":"closed","ping_status":"open","sticky":false,"template":"","format":"standard","meta":{"footnotes":""},"categories":[29,30,32],"tags":[542,1092,1093,1323,1334,1510,1512,1523,1546,1709,1789,1791,1841,2175,2603],"class_list":["post-11487","post","type-post","status-publish","format-standard","has-post-thumbnail","hentry","category-interior","category-liga-nacional-de-futsal","category-maiores","tag-catarinenses","tag-florianopolis","tag-floripa","tag-intelli","tag-interior","tag-lider","tag-lideranca","tag-liga-nacional","tag-lnf","tag-nacional","tag-orlandia","tag-orlandinos","tag-paulistas","tag-santa-catarina","tag-vitoria"],"_links":{"self":[{"href":"https:\/\/www.federacaopaulistadefutsal.com.br\/novo\/wp-json\/wp\/v2\/posts\/11487","targetHints":{"allow":["GET"]}}],"collection":[{"href":"https:\/\/www.federacaopaulistadefutsal.com.br\/novo\/wp-json\/wp\/v2\/posts"}],"about":[{"href":"https:\/\/www.federacaopaulistadefutsal.com.br\/novo\/wp-json\/wp\/v2\/types\/post"}],"author":[{"embeddable":true,"href":"https:\/\/www.federacaopaulistadefutsal.com.br\/novo\/wp-json\/wp\/v2\/users\/1"}],"replies":[{"embeddable":true,"href":"https:\/\/www.federacaopaulistadefutsal.com.br\/novo\/wp-json\/wp\/v2\/comments?post=11487"}],"version-history":[{"count":0,"href":"https:\/\/www.federacaopaulistadefutsal.com.br\/novo\/wp-json\/wp\/v2\/posts\/11487\/revisions"}],"wp:featuredmedia":[{"embeddable":true,"href":"https:\/\/www.federacaopaulistadefutsal.com.br\/novo\/wp-json\/"}],"wp:attachment":[{"href":"https:\/\/www.federacaopaulistadefutsal.com.br\/novo\/wp-json\/wp\/v2\/media?parent=11487"}],"wp:term":[{"taxonomy":"category","embeddable":true,"href":"https:\/\/www.federacaopaulistadefutsal.com.br\/novo\/wp-json\/wp\/v2\/categories?post=11487"},{"taxonomy":"post_tag","embeddable":true,"href":"https:\/\/www.federacaopaulistadefutsal.com.br\/novo\/wp-json\/wp\/v2\/tags?post=11487"}],"curies":[{"name":"wp","href":"https:\/\/api.w.org\/{rel}","templated":true}]}}