{"id":11545,"date":"2016-06-15T11:30:50","date_gmt":"2016-06-15T11:30:50","guid":{"rendered":"http:\/\/www.federacaopaulistadefutsal.com.br\/?p=11545"},"modified":"2016-06-15T11:30:50","modified_gmt":"2016-06-15T11:30:50","slug":"vale-do-paraiba-taubate-recebe-gremio-mogiano-na-vila-aparecida","status":"publish","type":"post","link":"https:\/\/www.federacaopaulistadefutsal.com.br\/novo\/vale-do-paraiba-taubate-recebe-gremio-mogiano-na-vila-aparecida\/","title":{"rendered":"Vale do Para\u00edba: Taubat\u00e9 recebe Gr\u00eamio Mogiano na Vila Aparecida"},"content":{"rendered":"<p>&nbsp;<br \/>\nNesta quarta-feira (15), em confronto v\u00e1lido pela Liga Paulista, principal competi\u00e7\u00e3o das quadras de S\u00e3o Paulo, o Taubat\u00e9 Futsal medir\u00e1 for\u00e7as com o Gr\u00eamio Mogiano. O jogo entre os times do Vale do Para\u00edba e de Mogi das Cruzes-SP est\u00e1 marcado para acontecer \u00e0s 20h00, no gin\u00e1sio da Vila Aparecida.<br \/>\nNa \u00faltima partida na competi\u00e7\u00e3o, a equipe taubateana encarou o Dracena longe de seus dom\u00ednios, na Arena de Esportes e Eventos, em Pompeia-SP, e empatou pelo placar de 0 a 0. J\u00e1 o Gr\u00eamio vem de derrota para o Orl\u00e2ndia por 1 a 0, em duelo que aconteceu no Maur\u00edcio Leite de Moraes, casa dos orlandinos.<br \/>\nSobre o jogo de logo mais \u00e0 noite, Bruno Zuchinalli, t\u00e9cnico do Taubat\u00e9, declarou o seguinte: <strong>&#8220;Ap\u00f3s o empate contra Dracena em 0 a 0 na \u00faltima rodada, tra\u00e7amos novas estrat\u00e9gias para o duelo contra Mogi. O advers\u00e1rio se refor\u00e7ou para a partida contra n\u00f3s e sabemos das dificuldades, mas somente a vit\u00f3ria interessa&#8221;,\u00a0<\/strong>disse o treinador.<br \/>\nPela Liga Paulista, a equipe do Vale est\u00e1 na quarta coloca\u00e7\u00e3o no grupo B, com 7 pontos ganhos, divididos em duas vit\u00f3rias, um empate e duas derrotas. O time de Mogi, por sua vez, \u00e9 o s\u00e9timo na chave, e somando 3 pontos, tem tr\u00eas empates e tr\u00eas derrotas.<br \/>\nEm rela\u00e7\u00e3o ao apoio da torcida taubateana, que deve comparecer em &#8220;peso&#8221; no duelo, o t\u00e9cnico acredita na &#8220;for\u00e7a&#8221; das arquibancadas: <strong>&#8220;Tenho certeza que os torcedores v\u00e3o comparecer em peso, e espero que a gente consiga retribuir com \u00f3timo desempenho&#8221;,<\/strong> finalizou Zuchinalli.<br \/>\n&nbsp;<br \/>\nPor Assessoria FPFS<br \/>\nCom informa\u00e7\u00f5es: Top 10 Comunica\u00e7\u00e3o<br \/>\nFoto: Divulga\u00e7\u00e3o\/ Jonas Barbetta\/Top 10 Comunica\u00e7\u00e3o<br \/>\n&nbsp;<\/p>\n","protected":false},"excerpt":{"rendered":"<p>&nbsp; Nesta quarta-feira (15), em confronto v\u00e1lido pela Liga Paulista, principal competi\u00e7\u00e3o das quadras de S\u00e3o Paulo, o Taubat\u00e9 Futsal<\/p>\n","protected":false},"author":1,"featured_media":11547,"comment_status":"closed","ping_status":"open","sticky":false,"template":"","format":"standard","meta":{"footnotes":""},"categories":[29,31,32],"tags":[431,940,1225,1233,1334,1525,1556,1678,1824,1835,2414,2419,2422,2548,2587],"class_list":["post-11545","post","type-post","status-publish","format-standard","has-post-thumbnail","hentry","category-interior","category-liga-paulista-de-futsal","category-maiores","tag-bruno-zuchinalli","tag-entrevista","tag-gremio-mogiano","tag-grupo-b","tag-interior","tag-liga-paulista","tag-lpf","tag-mogi-das-cruzes","tag-partida","tag-paulista","tag-taubate","tag-taubateanos","tag-tecnico","tag-vale-do-paraiba","tag-vila-aparecida"],"_links":{"self":[{"href":"https:\/\/www.federacaopaulistadefutsal.com.br\/novo\/wp-json\/wp\/v2\/posts\/11545","targetHints":{"allow":["GET"]}}],"collection":[{"href":"https:\/\/www.federacaopaulistadefutsal.com.br\/novo\/wp-json\/wp\/v2\/posts"}],"about":[{"href":"https:\/\/www.federacaopaulistadefutsal.com.br\/novo\/wp-json\/wp\/v2\/types\/post"}],"author":[{"embeddable":true,"href":"https:\/\/www.federacaopaulistadefutsal.com.br\/novo\/wp-json\/wp\/v2\/users\/1"}],"replies":[{"embeddable":true,"href":"https:\/\/www.federacaopaulistadefutsal.com.br\/novo\/wp-json\/wp\/v2\/comments?post=11545"}],"version-history":[{"count":0,"href":"https:\/\/www.federacaopaulistadefutsal.com.br\/novo\/wp-json\/wp\/v2\/posts\/11545\/revisions"}],"wp:featuredmedia":[{"embeddable":true,"href":"https:\/\/www.federacaopaulistadefutsal.com.br\/novo\/wp-json\/"}],"wp:attachment":[{"href":"https:\/\/www.federacaopaulistadefutsal.com.br\/novo\/wp-json\/wp\/v2\/media?parent=11545"}],"wp:term":[{"taxonomy":"category","embeddable":true,"href":"https:\/\/www.federacaopaulistadefutsal.com.br\/novo\/wp-json\/wp\/v2\/categories?post=11545"},{"taxonomy":"post_tag","embeddable":true,"href":"https:\/\/www.federacaopaulistadefutsal.com.br\/novo\/wp-json\/wp\/v2\/tags?post=11545"}],"curies":[{"name":"wp","href":"https:\/\/api.w.org\/{rel}","templated":true}]}}