{"id":11556,"date":"2016-06-15T15:18:10","date_gmt":"2016-06-15T15:18:10","guid":{"rendered":"http:\/\/www.federacaopaulistadefutsal.com.br\/?p=11556"},"modified":"2016-06-15T15:18:10","modified_gmt":"2016-06-15T15:18:10","slug":"pela-liga-paulista-jacarei-enfrenta-sao-caetano-no-vale-do-paraiba","status":"publish","type":"post","link":"https:\/\/www.federacaopaulistadefutsal.com.br\/novo\/pela-liga-paulista-jacarei-enfrenta-sao-caetano-no-vale-do-paraiba\/","title":{"rendered":"Pela Liga Paulista, Jacare\u00ed enfrenta S\u00e3o Caetano no Vale do Para\u00edba"},"content":{"rendered":"<p>&nbsp;<br \/>\nPela Liga Paulista de Futsal (LPF), principal competi\u00e7\u00e3o das quadras de S\u00e3o Paulo, o Jacare\u00ed, um dos times representantes do Vale do Para\u00edba, vai receber o S\u00e3o Caetano nesta quarta-feira (15). A partida entre as equipes do interior e da regi\u00e3o do ABC est\u00e1 marcada para acontecer \u00e0s 20h00, no gin\u00e1sio Educamais.<br \/>\nNo \u00faltimo confronto no torneio estadual, os jacareienses mediram for\u00e7as com o Pompeia no Milton Olaio Filho, em S\u00e3o Carlos-SP, e perderam pelo placar de 2 a 1. J\u00e1 o &#8220;Azul\u00e3o&#8221; vem de derrota para o Pulo do Gato, de Campinas-SP, por 3 a 1, em jogo que aconteceu no Joaquim Camba\u00fava Rabello.<br \/>\nPela LPF, o Jacare\u00ed Futsal est\u00e1 na s\u00e9tima coloca\u00e7\u00e3o no grupo A, com 6 pontos ganhos, divididos em duas vit\u00f3rias e quatro derrotas. O S\u00e3o Caetano, por sua vez, vem logo atr\u00e1s, na oitava posi\u00e7\u00e3o, e com 4 pontos, tem uma vit\u00f3ria, um empate, e por fim, quatro derrotas.<br \/>\n&nbsp;<br \/>\nPor Assessoria FPFS<br \/>\nCom informa\u00e7\u00f5es: Liga Paulista de Futsal (LPF)<br \/>\nFoto: Divulga\u00e7\u00e3o\/Liga Paulista de Futsal (LPF)<\/p>\n","protected":false},"excerpt":{"rendered":"<p>&nbsp; Pela Liga Paulista de Futsal (LPF), principal competi\u00e7\u00e3o das quadras de S\u00e3o Paulo, o Jacare\u00ed, um dos times representantes<\/p>\n","protected":false},"author":1,"featured_media":11557,"comment_status":"closed","ping_status":"open","sticky":false,"template":"","format":"standard","meta":{"footnotes":""},"categories":[29,31,32],"tags":[138,341,1334,1380,1382,1418,1525,1556,1824,1835,2041,2189,2548],"class_list":["post-11556","post","type-post","status-publish","format-standard","has-post-thumbnail","hentry","category-interior","category-liga-paulista-de-futsal","category-maiores","tag-abc-paulista","tag-azulao","tag-interior","tag-jacarei","tag-jacareienses","tag-jogo","tag-liga-paulista","tag-lpf","tag-partida","tag-paulista","tag-recebe","tag-sao-caetano","tag-vale-do-paraiba"],"_links":{"self":[{"href":"https:\/\/www.federacaopaulistadefutsal.com.br\/novo\/wp-json\/wp\/v2\/posts\/11556","targetHints":{"allow":["GET"]}}],"collection":[{"href":"https:\/\/www.federacaopaulistadefutsal.com.br\/novo\/wp-json\/wp\/v2\/posts"}],"about":[{"href":"https:\/\/www.federacaopaulistadefutsal.com.br\/novo\/wp-json\/wp\/v2\/types\/post"}],"author":[{"embeddable":true,"href":"https:\/\/www.federacaopaulistadefutsal.com.br\/novo\/wp-json\/wp\/v2\/users\/1"}],"replies":[{"embeddable":true,"href":"https:\/\/www.federacaopaulistadefutsal.com.br\/novo\/wp-json\/wp\/v2\/comments?post=11556"}],"version-history":[{"count":0,"href":"https:\/\/www.federacaopaulistadefutsal.com.br\/novo\/wp-json\/wp\/v2\/posts\/11556\/revisions"}],"wp:featuredmedia":[{"embeddable":true,"href":"https:\/\/www.federacaopaulistadefutsal.com.br\/novo\/wp-json\/"}],"wp:attachment":[{"href":"https:\/\/www.federacaopaulistadefutsal.com.br\/novo\/wp-json\/wp\/v2\/media?parent=11556"}],"wp:term":[{"taxonomy":"category","embeddable":true,"href":"https:\/\/www.federacaopaulistadefutsal.com.br\/novo\/wp-json\/wp\/v2\/categories?post=11556"},{"taxonomy":"post_tag","embeddable":true,"href":"https:\/\/www.federacaopaulistadefutsal.com.br\/novo\/wp-json\/wp\/v2\/tags?post=11556"}],"curies":[{"name":"wp","href":"https:\/\/api.w.org\/{rel}","templated":true}]}}