{"id":11589,"date":"2016-06-16T21:55:40","date_gmt":"2016-06-16T21:55:40","guid":{"rendered":"http:\/\/www.federacaopaulistadefutsal.com.br\/?p=11589"},"modified":"2016-06-16T21:55:40","modified_gmt":"2016-06-16T21:55:40","slug":"na-vila-aparecida-taubate-faz-seis-no-mogiano-pela-liga-paulista","status":"publish","type":"post","link":"https:\/\/www.federacaopaulistadefutsal.com.br\/novo\/na-vila-aparecida-taubate-faz-seis-no-mogiano-pela-liga-paulista\/","title":{"rendered":"Na Vila Aparecida, Taubat\u00e9 faz seis no Mogiano pela Liga Paulista"},"content":{"rendered":"<p>&nbsp;<br \/>\nJogando diante de sua torcida, na \u00faltima quarta-feira (15), o Taubat\u00e9 Futsal recebeu o Gr\u00eamio Mogiano, de Mogi das Cruzes-SP, no gin\u00e1sio da Vila Aparecida, em confronto v\u00e1lido pela Liga Paulista. O time taubateano surpreendeu em quadra e venceu o visitante por goleada de 6 a 1.<br \/>\nOs gols da &#8220;el\u00e1stica&#8221; vit\u00f3ria da equipe do Vale do Para\u00edba foram &#8220;anotados&#8221; pelos seguintes jogadores: Fabinho, que balan\u00e7ou a rede tr\u00eas vezes, Hernandes (2) e Felipe. Para o Gr\u00eamio de Mogi, Luiz Neg\u00e3o colocou a bola no fundo do &#8220;barbante&#8221;.<br \/>\nT\u00e9cnico do time taubateano, Bruno Zuchinalli avaliou o futsal de seus comandados na partida: <strong>&#8220;No jogo anterior criamos muitas oportunidades e acabamos n\u00e3o marcando. Foi um jogo at\u00edpico, mas hoje [quarta-feira] conseguimos encaixar as jogadas que trabalhamos durante a semana. Dessa vez, conseguimos colocar em pr\u00e1tica tudo o que planejamos&#8221;,<\/strong> disse o treinador.<br \/>\nCom o resultado, o Taubat\u00e9 matematicamente se garantiu na segunda fase da LPF, e somando 10 pontos ganhos, divididos em tr\u00eas vit\u00f3rias, um empate e duas derrotas, ocupa a terceira coloca\u00e7\u00e3o no grupo B. J\u00e1 o Mogiano, por sua vez, est\u00e1 na oitava posi\u00e7\u00e3o na chave, com apenas 3 pontos: tr\u00eas empates e quatro derrotas.<br \/>\n&nbsp;<br \/>\nPor Assessoria FPFS<br \/>\nCom informa\u00e7\u00f5es: Top 10 Comunica\u00e7\u00e3o<br \/>\nFoto: Divulga\u00e7\u00e3o\/ Jonas Barbetta\/Top 10 Comunica\u00e7\u00e3o<\/p>\n","protected":false},"excerpt":{"rendered":"<p>&nbsp; Jogando diante de sua torcida, na \u00faltima quarta-feira (15), o Taubat\u00e9 Futsal recebeu o Gr\u00eamio Mogiano, de Mogi das<\/p>\n","protected":false},"author":1,"featured_media":11591,"comment_status":"closed","ping_status":"open","sticky":false,"template":"","format":"standard","meta":{"footnotes":""},"categories":[25,29,31,32],"tags":[1201,1225,1334,1525,1556,1678,1835,2235,2414,2419,2548,2587,2603],"class_list":["post-11589","post","type-post","status-publish","format-standard","has-post-thumbnail","hentry","category-destaques","category-interior","category-liga-paulista-de-futsal","category-maiores","tag-goleada","tag-gremio-mogiano","tag-interior","tag-liga-paulista","tag-lpf","tag-mogi-das-cruzes","tag-paulista","tag-seis","tag-taubate","tag-taubateanos","tag-vale-do-paraiba","tag-vila-aparecida","tag-vitoria"],"_links":{"self":[{"href":"https:\/\/www.federacaopaulistadefutsal.com.br\/novo\/wp-json\/wp\/v2\/posts\/11589","targetHints":{"allow":["GET"]}}],"collection":[{"href":"https:\/\/www.federacaopaulistadefutsal.com.br\/novo\/wp-json\/wp\/v2\/posts"}],"about":[{"href":"https:\/\/www.federacaopaulistadefutsal.com.br\/novo\/wp-json\/wp\/v2\/types\/post"}],"author":[{"embeddable":true,"href":"https:\/\/www.federacaopaulistadefutsal.com.br\/novo\/wp-json\/wp\/v2\/users\/1"}],"replies":[{"embeddable":true,"href":"https:\/\/www.federacaopaulistadefutsal.com.br\/novo\/wp-json\/wp\/v2\/comments?post=11589"}],"version-history":[{"count":0,"href":"https:\/\/www.federacaopaulistadefutsal.com.br\/novo\/wp-json\/wp\/v2\/posts\/11589\/revisions"}],"wp:featuredmedia":[{"embeddable":true,"href":"https:\/\/www.federacaopaulistadefutsal.com.br\/novo\/wp-json\/"}],"wp:attachment":[{"href":"https:\/\/www.federacaopaulistadefutsal.com.br\/novo\/wp-json\/wp\/v2\/media?parent=11589"}],"wp:term":[{"taxonomy":"category","embeddable":true,"href":"https:\/\/www.federacaopaulistadefutsal.com.br\/novo\/wp-json\/wp\/v2\/categories?post=11589"},{"taxonomy":"post_tag","embeddable":true,"href":"https:\/\/www.federacaopaulistadefutsal.com.br\/novo\/wp-json\/wp\/v2\/tags?post=11589"}],"curies":[{"name":"wp","href":"https:\/\/api.w.org\/{rel}","templated":true}]}}