{"id":11594,"date":"2016-06-17T10:42:24","date_gmt":"2016-06-17T10:42:24","guid":{"rendered":"http:\/\/www.federacaopaulistadefutsal.com.br\/?p=11594"},"modified":"2016-06-17T10:42:24","modified_gmt":"2016-06-17T10:42:24","slug":"time-do-vale-sao-jose-recebe-joinville-pela-liga-nacional-de-futsal","status":"publish","type":"post","link":"https:\/\/www.federacaopaulistadefutsal.com.br\/novo\/time-do-vale-sao-jose-recebe-joinville-pela-liga-nacional-de-futsal\/","title":{"rendered":"Time do Vale, S\u00e3o Jos\u00e9 recebe Joinville pela Liga Nacional de Futsal"},"content":{"rendered":"<p>&nbsp;<\/p>\n<p class=\"western\">Nesta sexta-feira (17), em jogo v\u00e1lido pela Liga Nacional, o S\u00e3o Jos\u00e9 Futsal vai encarar a equipe do Joinville, de Santa Catarina, no Vale do Para\u00edba. A partida entre os times paulista e catarinense est\u00e1 marcada para acontecer \u00e0s 20h15, no gin\u00e1sio do T\u00eanis Clube, em S\u00e3o Jos\u00e9 dos Campos-SP.<\/p>\n<p class=\"western\">No \u00faltimo confronto na competi\u00e7\u00e3o, a equipe joseense mediu for\u00e7as com o Minas (MG) fora de casa, na Arena Minas, e empatou pelo placar de 1 a 1. J\u00e1 o Joinville (SC), diante do Atl\u00e2ntico Erechim (RS), vem de derrota em seus dom\u00ednios, no Cau Hansen, por 3 a 1.<\/p>\n<p class=\"western\">Pela Liga Nacional, o S\u00e3o Jos\u00e9, representante da regi\u00e3o do Vale no torneio, est\u00e1 na oitava coloca\u00e7\u00e3o, com 14 pontos ganhos: quatro vit\u00f3rias, dois empates e tr\u00eas derrotas. O time de Santa Catarina, por sua vez, \u00e9 o sexto, e somando 16 pontos, tem cinco vit\u00f3rias, um empate, e por fim, tr\u00eas derrotas.<\/p>\n<p class=\"western\">Fixo do clube joseense, Raul acredita na for\u00e7a de sua equipe, apesar do favoritismo catarinense:\u00a0<strong>&#8220;Trabalhamos forte nessa semana e estamos muito focados para sexta-feira. O Joinville \u00e9 uma equipe forte, mas vamos buscar essa vit\u00f3ria para que possamos voltar ao caminho que est\u00e1vamos e seguir vencendo no campeonato&#8221;,<\/strong> disse o jogador, que veste a camisa 4.<\/p>\n<p class=\"western\">Por Assessoria FPFS<\/p>\n<p class=\"western\">Com informa\u00e7\u00f5es e foto: Brenno Domingues\/Quarttus Marketing<\/p>\n","protected":false},"excerpt":{"rendered":"<p>&nbsp; Nesta sexta-feira (17), em jogo v\u00e1lido pela Liga Nacional, o S\u00e3o Jos\u00e9 Futsal vai encarar a equipe do Joinville,<\/p>\n","protected":false},"author":1,"featured_media":11595,"comment_status":"closed","ping_status":"open","sticky":false,"template":"","format":"standard","meta":{"footnotes":""},"categories":[29,30,32],"tags":[542,1334,1441,1447,1523,1546,1709,1841,2175,2198,2434,2548],"class_list":["post-11594","post","type-post","status-publish","format-standard","has-post-thumbnail","hentry","category-interior","category-liga-nacional-de-futsal","category-maiores","tag-catarinenses","tag-interior","tag-joinville","tag-joseenses","tag-liga-nacional","tag-lnf","tag-nacional","tag-paulistas","tag-santa-catarina","tag-sao-jose","tag-tenis-clube","tag-vale-do-paraiba"],"_links":{"self":[{"href":"https:\/\/www.federacaopaulistadefutsal.com.br\/novo\/wp-json\/wp\/v2\/posts\/11594","targetHints":{"allow":["GET"]}}],"collection":[{"href":"https:\/\/www.federacaopaulistadefutsal.com.br\/novo\/wp-json\/wp\/v2\/posts"}],"about":[{"href":"https:\/\/www.federacaopaulistadefutsal.com.br\/novo\/wp-json\/wp\/v2\/types\/post"}],"author":[{"embeddable":true,"href":"https:\/\/www.federacaopaulistadefutsal.com.br\/novo\/wp-json\/wp\/v2\/users\/1"}],"replies":[{"embeddable":true,"href":"https:\/\/www.federacaopaulistadefutsal.com.br\/novo\/wp-json\/wp\/v2\/comments?post=11594"}],"version-history":[{"count":0,"href":"https:\/\/www.federacaopaulistadefutsal.com.br\/novo\/wp-json\/wp\/v2\/posts\/11594\/revisions"}],"wp:featuredmedia":[{"embeddable":true,"href":"https:\/\/www.federacaopaulistadefutsal.com.br\/novo\/wp-json\/"}],"wp:attachment":[{"href":"https:\/\/www.federacaopaulistadefutsal.com.br\/novo\/wp-json\/wp\/v2\/media?parent=11594"}],"wp:term":[{"taxonomy":"category","embeddable":true,"href":"https:\/\/www.federacaopaulistadefutsal.com.br\/novo\/wp-json\/wp\/v2\/categories?post=11594"},{"taxonomy":"post_tag","embeddable":true,"href":"https:\/\/www.federacaopaulistadefutsal.com.br\/novo\/wp-json\/wp\/v2\/tags?post=11594"}],"curies":[{"name":"wp","href":"https:\/\/api.w.org\/{rel}","templated":true}]}}