{"id":11604,"date":"2016-06-18T20:22:41","date_gmt":"2016-06-18T20:22:41","guid":{"rendered":"http:\/\/www.federacaopaulistadefutsal.com.br\/?p=11604"},"modified":"2016-06-18T20:22:41","modified_gmt":"2016-06-18T20:22:41","slug":"em-classico-com-carlos-barbosa-orlandia-perde-primeira-na-lnf","status":"publish","type":"post","link":"https:\/\/www.federacaopaulistadefutsal.com.br\/novo\/em-classico-com-carlos-barbosa-orlandia-perde-primeira-na-lnf\/","title":{"rendered":"Em cl\u00e1ssico com Carlos Barbosa, Orl\u00e2ndia perde primeira na LNF"},"content":{"rendered":"<p>&nbsp;<br \/>\nNa noite da \u00faltima sexta-feira (17), em partida v\u00e1lida pela Liga Nacional de Futsal (LNF), o Orl\u00e2ndia encarou o Carlos Barbosa (RS), atual campe\u00e3o da competi\u00e7\u00e3o, na Arena Jo\u00e3o Mambrini, em S\u00e3o Sebasti\u00e3o do Para\u00edso-MG. No gin\u00e1sio do munic\u00edpio mineiro, o time paulista perdeu para o ga\u00facho pelo placar de 5 a 3, e com o resultado, conheceu sua primeira derrota no torneio.<br \/>\nOs gols da vit\u00f3ria da &#8220;Laranja Mec\u00e2nica&#8221; das quadras foram &#8220;anotados&#8221; pelos seguintes jogadores: Canabarro, Marlon, Felipe Val\u00e9rio (2) e, por fim, Kevin. Para a equipe orlandina, Thiago Cabe\u00e7a, Gadeia e Jackson, o &#8220;Samurai&#8221;, colocaram a bola no fundo da rede.<br \/>\nCom o resultado, o Orl\u00e2ndia caiu da primeira para a terceira coloca\u00e7\u00e3o na Liga Nacional, e somando 18 pontos, tem cinco vit\u00f3rias, tr\u00eas empates e, agora, uma derrota. O pr\u00f3ximo desafio do time do interior pela LNF ser\u00e1 diante do Umuarama (PR).<br \/>\nO confronto entre as equipes paulista e paranaense est\u00e1 marcado para acontecer na pr\u00f3xima ter\u00e7a-feira (21), \u00e0s 20h15, no gin\u00e1sio Am\u00e1rio Vieira, casa do time do Paran\u00e1.<br \/>\n&nbsp;<br \/>\nPor Assessoria FPFS<br \/>\nCom informa\u00e7\u00f5es: ADC Intelli\/Liga Nacional de Futsal (LNF)<br \/>\nFoto: Divulga\u00e7\u00e3o\/ Luan Amaral\/ADC Intelli<\/p>\n","protected":false},"excerpt":{"rendered":"<p>&nbsp; Na noite da \u00faltima sexta-feira (17), em partida v\u00e1lida pela Liga Nacional de Futsal (LNF), o Orl\u00e2ndia encarou o<\/p>\n","protected":false},"author":1,"featured_media":11605,"comment_status":"closed","ping_status":"open","sticky":false,"template":"","format":"standard","meta":{"footnotes":""},"categories":[29,30,32],"tags":[151,525,608,807,1323,1418,1489,1523,1546,1661,1709,1789,1791,1824],"class_list":["post-11604","post","type-post","status-publish","format-standard","has-post-thumbnail","hentry","category-interior","category-liga-nacional-de-futsal","category-maiores","tag-acbf","tag-carlos-barbosa","tag-classico","tag-derrota","tag-intelli","tag-jogo","tag-laranja-mecanica","tag-liga-nacional","tag-lnf","tag-minas-gerais","tag-nacional","tag-orlandia","tag-orlandinos","tag-partida"],"_links":{"self":[{"href":"https:\/\/www.federacaopaulistadefutsal.com.br\/novo\/wp-json\/wp\/v2\/posts\/11604","targetHints":{"allow":["GET"]}}],"collection":[{"href":"https:\/\/www.federacaopaulistadefutsal.com.br\/novo\/wp-json\/wp\/v2\/posts"}],"about":[{"href":"https:\/\/www.federacaopaulistadefutsal.com.br\/novo\/wp-json\/wp\/v2\/types\/post"}],"author":[{"embeddable":true,"href":"https:\/\/www.federacaopaulistadefutsal.com.br\/novo\/wp-json\/wp\/v2\/users\/1"}],"replies":[{"embeddable":true,"href":"https:\/\/www.federacaopaulistadefutsal.com.br\/novo\/wp-json\/wp\/v2\/comments?post=11604"}],"version-history":[{"count":0,"href":"https:\/\/www.federacaopaulistadefutsal.com.br\/novo\/wp-json\/wp\/v2\/posts\/11604\/revisions"}],"wp:featuredmedia":[{"embeddable":true,"href":"https:\/\/www.federacaopaulistadefutsal.com.br\/novo\/wp-json\/"}],"wp:attachment":[{"href":"https:\/\/www.federacaopaulistadefutsal.com.br\/novo\/wp-json\/wp\/v2\/media?parent=11604"}],"wp:term":[{"taxonomy":"category","embeddable":true,"href":"https:\/\/www.federacaopaulistadefutsal.com.br\/novo\/wp-json\/wp\/v2\/categories?post=11604"},{"taxonomy":"post_tag","embeddable":true,"href":"https:\/\/www.federacaopaulistadefutsal.com.br\/novo\/wp-json\/wp\/v2\/tags?post=11604"}],"curies":[{"name":"wp","href":"https:\/\/api.w.org\/{rel}","templated":true}]}}