{"id":11630,"date":"2016-06-20T12:11:27","date_gmt":"2016-06-20T12:11:27","guid":{"rendered":"http:\/\/www.federacaopaulistadefutsal.com.br\/?p=11630"},"modified":"2016-06-20T12:11:27","modified_gmt":"2016-06-20T12:11:27","slug":"lnf-buscando-primeiras-posicoes-corinthians-enfrenta-carlos-barbosa","status":"publish","type":"post","link":"https:\/\/www.federacaopaulistadefutsal.com.br\/novo\/lnf-buscando-primeiras-posicoes-corinthians-enfrenta-carlos-barbosa\/","title":{"rendered":"LNF: Buscando primeiras posi\u00e7\u00f5es, Corinthians enfrenta Carlos Barbosa"},"content":{"rendered":"<p>&nbsp;<br \/>\nNesta segunda-feira (20), buscando as primeiras posi\u00e7\u00f5es na Liga Nacional, o Corinthians vai encarar o Carlos Barbosa (RS), atual campe\u00e3o da competi\u00e7\u00e3o, longe do Parque S\u00e3o Jorge. O jogo entre os times paulista e ga\u00facho, um cl\u00e1ssico do futsal brasileiro, est\u00e1 marcado para acontecer a partir das 19h15, no Centro Municipal de Eventos, na cidade de Carlos Barbosa-RS.<br \/>\nRecentemente, no dia 05 de mar\u00e7o, o Tim\u00e3o duelou com a &#8220;Laranja Mec\u00e2nica&#8221; das quadras pela semifinal da Ta\u00e7a Brasil, e no Rio Grande do Sul, perdeu para os anfitri\u00f5es por 5 a 2 e foi eliminado do torneio, o segundo mais importante do pa\u00eds. Os gols da vit\u00f3ria da ACBF foram &#8220;anotados&#8221; por\u00a0Grillo (2), Dener, Marlon e pelo goleiro Deividi; Douglas e Rocha fizeram para o alvinegro.<br \/>\nPela Liga Nacional, o Corinthians est\u00e1 na quinta coloca\u00e7\u00e3o, com 16 pontos ganhos: cinco vit\u00f3rias, um empate, e por fim, tr\u00eas derrotas. O Carlos Barbosa (RS) vem logo atr\u00e1s, na sexta posi\u00e7\u00e3o, e tamb\u00e9m somando 16 pontos, tem cinco vit\u00f3rias, um empate e tr\u00eas derrotas, mas perde para o &#8220;Time do povo&#8221; nos crit\u00e9rios de desempate.<br \/>\nNa \u00faltima partida pela competi\u00e7\u00e3o, o alvinegro encarou o Floripa Futsal (SC) no gin\u00e1sio do Parque S\u00e3o Jorge, em S\u00e3o Paulo-SP, e em casa, perdeu pelo placar de 3 a 2. A &#8220;Laranja Mec\u00e2nica&#8221;, por sua vez, jogou contra o Orl\u00e2ndia na Arena Jo\u00e3o Mambrini, em S\u00e3o Sebasti\u00e3o do Para\u00edso-MG, e venceu por 5 a 3.<br \/>\n&nbsp;<br \/>\nPor Assessoria FPFS<br \/>\nCom informa\u00e7\u00f5es: Liga Nacional de Futsal (LNF)<br \/>\nFoto: Divulga\u00e7\u00e3o\/Ag\u00eancia Corinthians<br \/>\n&nbsp;<br \/>\n&nbsp;<\/p>\n","protected":false},"excerpt":{"rendered":"<p>&nbsp; Nesta segunda-feira (20), buscando as primeiras posi\u00e7\u00f5es na Liga Nacional, o Corinthians vai encarar o Carlos Barbosa (RS), atual<\/p>\n","protected":false},"author":1,"featured_media":11631,"comment_status":"closed","ping_status":"open","sticky":false,"template":"","format":"standard","meta":{"footnotes":""},"categories":[25,30,32],"tags":[151,525,572,608,734,1103,1178,1489,1523,1546,1709,1841],"class_list":["post-11630","post","type-post","status-publish","format-standard","has-post-thumbnail","hentry","category-destaques","category-liga-nacional-de-futsal","category-maiores","tag-acbf","tag-carlos-barbosa","tag-centro-municipal-de-eventos","tag-classico","tag-corinthians","tag-fora-de-casa","tag-gauchos","tag-laranja-mecanica","tag-liga-nacional","tag-lnf","tag-nacional","tag-paulistas"],"_links":{"self":[{"href":"https:\/\/www.federacaopaulistadefutsal.com.br\/novo\/wp-json\/wp\/v2\/posts\/11630","targetHints":{"allow":["GET"]}}],"collection":[{"href":"https:\/\/www.federacaopaulistadefutsal.com.br\/novo\/wp-json\/wp\/v2\/posts"}],"about":[{"href":"https:\/\/www.federacaopaulistadefutsal.com.br\/novo\/wp-json\/wp\/v2\/types\/post"}],"author":[{"embeddable":true,"href":"https:\/\/www.federacaopaulistadefutsal.com.br\/novo\/wp-json\/wp\/v2\/users\/1"}],"replies":[{"embeddable":true,"href":"https:\/\/www.federacaopaulistadefutsal.com.br\/novo\/wp-json\/wp\/v2\/comments?post=11630"}],"version-history":[{"count":0,"href":"https:\/\/www.federacaopaulistadefutsal.com.br\/novo\/wp-json\/wp\/v2\/posts\/11630\/revisions"}],"wp:featuredmedia":[{"embeddable":true,"href":"https:\/\/www.federacaopaulistadefutsal.com.br\/novo\/wp-json\/"}],"wp:attachment":[{"href":"https:\/\/www.federacaopaulistadefutsal.com.br\/novo\/wp-json\/wp\/v2\/media?parent=11630"}],"wp:term":[{"taxonomy":"category","embeddable":true,"href":"https:\/\/www.federacaopaulistadefutsal.com.br\/novo\/wp-json\/wp\/v2\/categories?post=11630"},{"taxonomy":"post_tag","embeddable":true,"href":"https:\/\/www.federacaopaulistadefutsal.com.br\/novo\/wp-json\/wp\/v2\/tags?post=11630"}],"curies":[{"name":"wp","href":"https:\/\/api.w.org\/{rel}","templated":true}]}}