{"id":11635,"date":"2016-06-20T15:20:57","date_gmt":"2016-06-20T15:20:57","guid":{"rendered":"http:\/\/www.federacaopaulistadefutsal.com.br\/?p=11635"},"modified":"2016-06-20T15:20:57","modified_gmt":"2016-06-20T15:20:57","slug":"de-volta-fixo-shaina-reforca-pulo-do-gato-nas-quatro-linhas","status":"publish","type":"post","link":"https:\/\/www.federacaopaulistadefutsal.com.br\/novo\/de-volta-fixo-shaina-reforca-pulo-do-gato-nas-quatro-linhas\/","title":{"rendered":"De volta, fixo Shaina refor\u00e7a Pulo do Gato nas quatro linhas"},"content":{"rendered":"<p>&nbsp;<br \/>\nAp\u00f3s seis meses afastado das quadras, o fixo Shaina, de 24 anos, acertou seu retorno ao Pulo do Gato, de Campinas-SP. O atleta se apresentou ao t\u00e9cnico Jefferson Novaes, da equipe campineira, na manh\u00e3 da \u00faltima sexta-feira (17), e juntamente com os demais jogadores, participou de treino nas quatro linhas.<br \/>\nSobre a oportunidade de novamente poder vestir a camisa do aurinegro, o fixo declarou o seguinte: <strong>&#8220;Nessa segunda passagem quero repetir sucesso do ano passado, quando terminei a temporada como um dos destaques da equipe. Minha inten\u00e7\u00e3o \u00e9 continuar nessa crescente para ajudar o Pulo a conquistar seus objetivos&#8221;,\u00a0<\/strong>disse.<br \/>\nSabendo da campanha do Pulo do Gato na Liga Paulista, que se recuperou na competi\u00e7\u00e3o, e agora, briga pelas primeiras posi\u00e7\u00f5es no grupo A, Shaina acredita que seu futsal pode contribuir para acrescentar &#8220;for\u00e7a&#8221; ao do elenco gatense: <strong>&#8220;Sei que os meninos est\u00e3o bem na competi\u00e7\u00e3o e venho para contribuir com a proposta que o treinador tem colocado em quadra. Estou pronto para trabalhar e somar for\u00e7as ao elenco&#8221;,\u00a0<\/strong>finalizou o jogador.<br \/>\nTime do fixo, o Pulo vai encarar o Atl\u00e9tico Guarulhense na pr\u00f3xima sexta-feira (24), a partir das 20h00, no gin\u00e1sio Rog\u00ea Ferreira, em Campinas-SP. A partida entre as equipes campineira e de Guarulhos-SP \u00e9 v\u00e1lida pela LPF.<br \/>\nPor Assessoria FPFS<br \/>\nCom informa\u00e7\u00f5es: Rafael Del Giudice\/Ag\u00eancia Pulo<br \/>\nFoto: Divulga\u00e7\u00e3o\/ Andr\u00e9 Montejano\/Ag\u00eancia Pulo<\/p>\n","protected":false},"excerpt":{"rendered":"<p>&nbsp; Ap\u00f3s seis meses afastado das quadras, o fixo Shaina, de 24 anos, acertou seu retorno ao Pulo do Gato,<\/p>\n","protected":false},"author":1,"featured_media":11637,"comment_status":"closed","ping_status":"open","sticky":false,"template":"","format":"standard","meta":{"footnotes":""},"categories":[29,31,32],"tags":[308,494,497,781,940,1409,1525,1556,1835,1999,2062,2106,2304,2323],"class_list":["post-11635","post","type-post","status-publish","format-standard","has-post-thumbnail","hentry","category-interior","category-liga-paulista-de-futsal","category-maiores","tag-atleta","tag-campinas","tag-campineiros","tag-de-volta","tag-entrevista","tag-jogador","tag-liga-paulista","tag-lpf","tag-paulista","tag-pulo-do-gato","tag-reforco","tag-retorno","tag-shaina","tag-sonoras"],"_links":{"self":[{"href":"https:\/\/www.federacaopaulistadefutsal.com.br\/novo\/wp-json\/wp\/v2\/posts\/11635","targetHints":{"allow":["GET"]}}],"collection":[{"href":"https:\/\/www.federacaopaulistadefutsal.com.br\/novo\/wp-json\/wp\/v2\/posts"}],"about":[{"href":"https:\/\/www.federacaopaulistadefutsal.com.br\/novo\/wp-json\/wp\/v2\/types\/post"}],"author":[{"embeddable":true,"href":"https:\/\/www.federacaopaulistadefutsal.com.br\/novo\/wp-json\/wp\/v2\/users\/1"}],"replies":[{"embeddable":true,"href":"https:\/\/www.federacaopaulistadefutsal.com.br\/novo\/wp-json\/wp\/v2\/comments?post=11635"}],"version-history":[{"count":0,"href":"https:\/\/www.federacaopaulistadefutsal.com.br\/novo\/wp-json\/wp\/v2\/posts\/11635\/revisions"}],"wp:featuredmedia":[{"embeddable":true,"href":"https:\/\/www.federacaopaulistadefutsal.com.br\/novo\/wp-json\/"}],"wp:attachment":[{"href":"https:\/\/www.federacaopaulistadefutsal.com.br\/novo\/wp-json\/wp\/v2\/media?parent=11635"}],"wp:term":[{"taxonomy":"category","embeddable":true,"href":"https:\/\/www.federacaopaulistadefutsal.com.br\/novo\/wp-json\/wp\/v2\/categories?post=11635"},{"taxonomy":"post_tag","embeddable":true,"href":"https:\/\/www.federacaopaulistadefutsal.com.br\/novo\/wp-json\/wp\/v2\/tags?post=11635"}],"curies":[{"name":"wp","href":"https:\/\/api.w.org\/{rel}","templated":true}]}}