{"id":11639,"date":"2016-06-20T19:00:40","date_gmt":"2016-06-20T19:00:40","guid":{"rendered":"http:\/\/www.federacaopaulistadefutsal.com.br\/?p=11639"},"modified":"2016-06-20T19:00:40","modified_gmt":"2016-06-20T19:00:40","slug":"visando-lpf-a-a-fib-realiza-trabalho-de-recuperacao-muscular","status":"publish","type":"post","link":"https:\/\/www.federacaopaulistadefutsal.com.br\/novo\/visando-lpf-a-a-fib-realiza-trabalho-de-recuperacao-muscular\/","title":{"rendered":"Visando LPF, A.A. FIB realiza trabalho de recupera\u00e7\u00e3o muscular"},"content":{"rendered":"<p>&nbsp;<br \/>\nAp\u00f3s a derrota por 4 a 2 para o Pulo de Gato, de Campinas-SP, em jogo v\u00e1lido pela Liga Paulista, que aconteceu na semana passada, a A.A. FIB, de Bauru-SP, segue se preparando para seus pr\u00f3ximos jogos pela competi\u00e7\u00e3o. Na \u00faltima quinta-feira (16), por exemplo, o time bauruense realizou trabalho de recupera\u00e7\u00e3o muscular na piscina, em cl\u00ednica de fisioterapia.<br \/>\nAs atividades para recuperar os atletas, especialmente os que estiveram na partida diante da equipe campineira, foram coordenadas por Reinaldo Monteiro Marques, fisioterapeuta, e ele falou sobre: <strong>&#8220;Os jogadores apresentaram muitas les\u00f5es parecidas ap\u00f3s os jogos, por isso, desenvolvemos um trabalho com CORE, de fortalecimento abdominal e paravertebrais e lombares&#8221;,<\/strong> declarou.<br \/>\nPela Liga Paulista, a A.A. FIB est\u00e1 na sexta coloca\u00e7\u00e3o no grupo A, com 7 pontos ganhos, divididos em duas vit\u00f3rias, um empate, e por fim, quatro derrotas. O pr\u00f3ximo compromisso do time de Bauru-SP pelo torneio estadual ser\u00e1 diante do S\u00e3o Caetano Futsal na pr\u00f3xima sexta-feira (24), a partir das 20h00, no gin\u00e1sio Joaquim Camba\u00fava Rabello, na regi\u00e3o do ABC.<br \/>\n&nbsp;<br \/>\nPor Assessoria FPFS<br \/>\nCom informa\u00e7\u00f5es e foto: Rafael Peloso\/A.A. FIB<br \/>\n&nbsp;<\/p>\n","protected":false},"excerpt":{"rendered":"<p>&nbsp; Ap\u00f3s a derrota por 4 a 2 para o Pulo de Gato, de Campinas-SP, em jogo v\u00e1lido pela Liga<\/p>\n","protected":false},"author":1,"featured_media":11641,"comment_status":"closed","ping_status":"open","sticky":false,"template":"","format":"standard","meta":{"footnotes":""},"categories":[29,31,32],"tags":[99,310,367,369,940,1086,1413,1525,1556,1835,1888,2049,2490],"class_list":["post-11639","post","type-post","status-publish","format-standard","has-post-thumbnail","hentry","category-interior","category-liga-paulista-de-futsal","category-maiores","tag-a-a-fib","tag-atletas","tag-bauru","tag-bauruenses","tag-entrevista","tag-fisioterapeuta","tag-jogadores","tag-liga-paulista","tag-lpf","tag-paulista","tag-piscina","tag-recuperacao","tag-treino"],"_links":{"self":[{"href":"https:\/\/www.federacaopaulistadefutsal.com.br\/novo\/wp-json\/wp\/v2\/posts\/11639","targetHints":{"allow":["GET"]}}],"collection":[{"href":"https:\/\/www.federacaopaulistadefutsal.com.br\/novo\/wp-json\/wp\/v2\/posts"}],"about":[{"href":"https:\/\/www.federacaopaulistadefutsal.com.br\/novo\/wp-json\/wp\/v2\/types\/post"}],"author":[{"embeddable":true,"href":"https:\/\/www.federacaopaulistadefutsal.com.br\/novo\/wp-json\/wp\/v2\/users\/1"}],"replies":[{"embeddable":true,"href":"https:\/\/www.federacaopaulistadefutsal.com.br\/novo\/wp-json\/wp\/v2\/comments?post=11639"}],"version-history":[{"count":0,"href":"https:\/\/www.federacaopaulistadefutsal.com.br\/novo\/wp-json\/wp\/v2\/posts\/11639\/revisions"}],"wp:featuredmedia":[{"embeddable":true,"href":"https:\/\/www.federacaopaulistadefutsal.com.br\/novo\/wp-json\/"}],"wp:attachment":[{"href":"https:\/\/www.federacaopaulistadefutsal.com.br\/novo\/wp-json\/wp\/v2\/media?parent=11639"}],"wp:term":[{"taxonomy":"category","embeddable":true,"href":"https:\/\/www.federacaopaulistadefutsal.com.br\/novo\/wp-json\/wp\/v2\/categories?post=11639"},{"taxonomy":"post_tag","embeddable":true,"href":"https:\/\/www.federacaopaulistadefutsal.com.br\/novo\/wp-json\/wp\/v2\/tags?post=11639"}],"curies":[{"name":"wp","href":"https:\/\/api.w.org\/{rel}","templated":true}]}}