{"id":11669,"date":"2016-08-05T16:30:07","date_gmt":"2016-08-05T16:30:07","guid":{"rendered":"http:\/\/www.federacaopaulistadefutsal.com.br\/?p=11669"},"modified":"2016-08-05T16:30:07","modified_gmt":"2016-08-05T16:30:07","slug":"fora-das-quadras-fpfs-trabalha-para-crescimento-do-futsal","status":"publish","type":"post","link":"https:\/\/www.federacaopaulistadefutsal.com.br\/novo\/fora-das-quadras-fpfs-trabalha-para-crescimento-do-futsal\/","title":{"rendered":"Fora das quadras, FPFS trabalha para crescimento do futsal"},"content":{"rendered":"<p>A Federa\u00e7\u00e3o Paulista de Futsal (FPFS), entidade presidida pelo\u00a0Sr. Nilton Cifuentes Rom\u00e3o, o &#8220;Ramon&#8221;, segue trabalhando nos bastidores para o crescimento de uma das maiores paix\u00f5es esportivas brasileiras: a modalidade das quadras! A FPFS vem realizando mudan\u00e7as significativas, e elas v\u00e3o al\u00e9m das quatro linhas. Confira, amigo e f\u00e3 do esporte!<br \/>\n<a href=\"http:\/\/www.federacaopaulistadefutsal.com.br\/wp-content\/uploads\/2016\/06\/13765727_1061745203880226_3937356248291964755_o.jpg\"><img fetchpriority=\"high\" decoding=\"async\" class=\"aligncenter size-full wp-image-12562\" src=\"http:\/\/www.federacaopaulistadefutsal.com.br\/wp-content\/uploads\/2016\/06\/13765727_1061745203880226_3937356248291964755_o.jpg\" alt=\"13765727_1061745203880226_3937356248291964755_o\" width=\"1000\" height=\"667\" \/><\/a><br \/>\nVisando trazer crescimento, e principalmente, melhorias \u00e0 modalidade das quadras no estado de S\u00e3o Paulo, a Federa\u00e7\u00e3o Paulista de Futsal (FPFS), atrav\u00e9s de sua organiza\u00e7\u00e3o e especialmente trabalhos di\u00e1rios, realizou alguns feitos: coloca \u00e0 disposi\u00e7\u00e3o nos jogos nova ambul\u00e2ncia e , tamb\u00e9m, fisioterapeuta para atender aos atletas e pessoas participantes dos eventos do esporte, melhorou seus gin\u00e1sios, Presidentes Ciro I e II, e equipamentos de som, e por fim, visando a integridade f\u00edsica dos jogadores, tem agora nas grades de prote\u00e7\u00e3o colchonetes\u00a0para serem devidamente utilizado.<br \/>\n<a href=\"http:\/\/www.federacaopaulistadefutsal.com.br\/wp-content\/uploads\/2016\/06\/COlchonete_FPFS.jpg\"><img decoding=\"async\" class=\"aligncenter size-full wp-image-12561\" src=\"http:\/\/www.federacaopaulistadefutsal.com.br\/wp-content\/uploads\/2016\/06\/COlchonete_FPFS.jpg\" alt=\"COlchonete_FPFS\" width=\"1000\" height=\"667\" \/><\/a><br \/>\nCom o objetivo de &#8220;renovar&#8221; o futsal paulista, o Sr. Nilton Cifuentes Rom\u00e3o, com expectativas, v\u00ea possibilidades de a &#8220;for\u00e7a&#8221; da modalidade, pelo menos em S\u00e3o Paulo, crescer ainda mais. Para ele, al\u00e9m das a\u00e7\u00f5es de melhorias j\u00e1 implantadas, o fortalecimento das competi\u00e7\u00f5es, femininas e masculinas, ser\u00e1 vital para a constru\u00e7\u00e3o de um \u00f3timo trabalho al\u00e9m das quatro linhas das quadras.<br \/>\n<strong>&#8220;Tenho como meta modernizar a gest\u00e3o da federa\u00e7\u00e3o, dentre outras coisas manter sempre aberto o canal ligas\/clubes\/atletas\/\u00e1rbitros com a federa\u00e7\u00e3o para amplo di\u00e1logo, investir em a\u00e7\u00f5es de marketing para busca de recursos, fortalecer ainda mais nossos campeonatos (masculino e feminino), entre outra a\u00e7\u00f5es que ser\u00e3o implantadas&#8221;,\u00a0<\/strong>declarou o presidente, durante sua posse no dia 29 de janeiro de 2016.<br \/>\nPara o Campeonato Estadual,\u00a0Ramon espera o mesmo sucesso que foi o Metropolitano.<br \/>\n<a href=\"http:\/\/www.federacaopaulistadefutsal.com.br\/wp-content\/uploads\/2016\/06\/Dirigentes_Federa\u00e7\u00e3o_Paulista_Futsal.jpg\"><img decoding=\"async\" class=\"aligncenter size-full wp-image-12563\" src=\"http:\/\/www.federacaopaulistadefutsal.com.br\/wp-content\/uploads\/2016\/06\/Dirigentes_Federa\u00e7\u00e3o_Paulista_Futsal.jpg\" alt=\"Dirigentes_Federa\u00e7\u00e3o_Paulista_Futsal\" width=\"1000\" height=\"705\" \/><\/a><br \/>\nCom rela\u00e7\u00e3o ao segundo semestre ele informa que a dire\u00e7\u00e3o da Federa\u00e7\u00e3o sugeriu aos Clubes e foi aprovado nos Conselhos Arbitrais das categorias menores, a cria\u00e7\u00e3o de um grupo de estudos formado por profissionais da \u00e1rea de esporte. Os pr\u00f3prios clubes elegeram seus representantes, que em conjunto com os membros ligados a diretoria da Federa\u00e7\u00e3o trocar\u00e3o ideias e experi\u00eancias para o engrandecimento da modalidade.<br \/>\nPor Assessoria FPFS<br \/>\n&nbsp;<\/p>\n","protected":false},"excerpt":{"rendered":"<p>A Federa\u00e7\u00e3o Paulista de Futsal (FPFS), entidade presidida pelo\u00a0Sr. Nilton Cifuentes Rom\u00e3o, o &#8220;Ramon&#8221;, segue trabalhando nos bastidores para o<\/p>\n","protected":false},"author":1,"featured_media":12560,"comment_status":"closed","ping_status":"open","sticky":false,"template":"","format":"standard","meta":{"footnotes":""},"categories":[25,28],"tags":[660,749,940,968,1102,42,1131,1639,1956,2019,2088,2322],"class_list":["post-11669","post","type-post","status-publish","format-standard","has-post-thumbnail","hentry","category-destaques","category-fpfs-acontece","tag-comunicado","tag-crescimento","tag-entrevista","tag-esporte-das-quadras","tag-fora-das-quadras","tag-fpfs","tag-futsal","tag-melhorias","tag-presidente","tag-quatro-linhas","tag-renovacao","tag-sonora"],"_links":{"self":[{"href":"https:\/\/www.federacaopaulistadefutsal.com.br\/novo\/wp-json\/wp\/v2\/posts\/11669","targetHints":{"allow":["GET"]}}],"collection":[{"href":"https:\/\/www.federacaopaulistadefutsal.com.br\/novo\/wp-json\/wp\/v2\/posts"}],"about":[{"href":"https:\/\/www.federacaopaulistadefutsal.com.br\/novo\/wp-json\/wp\/v2\/types\/post"}],"author":[{"embeddable":true,"href":"https:\/\/www.federacaopaulistadefutsal.com.br\/novo\/wp-json\/wp\/v2\/users\/1"}],"replies":[{"embeddable":true,"href":"https:\/\/www.federacaopaulistadefutsal.com.br\/novo\/wp-json\/wp\/v2\/comments?post=11669"}],"version-history":[{"count":1,"href":"https:\/\/www.federacaopaulistadefutsal.com.br\/novo\/wp-json\/wp\/v2\/posts\/11669\/revisions"}],"predecessor-version":[{"id":30969,"href":"https:\/\/www.federacaopaulistadefutsal.com.br\/novo\/wp-json\/wp\/v2\/posts\/11669\/revisions\/30969"}],"wp:featuredmedia":[{"embeddable":true,"href":"https:\/\/www.federacaopaulistadefutsal.com.br\/novo\/wp-json\/"}],"wp:attachment":[{"href":"https:\/\/www.federacaopaulistadefutsal.com.br\/novo\/wp-json\/wp\/v2\/media?parent=11669"}],"wp:term":[{"taxonomy":"category","embeddable":true,"href":"https:\/\/www.federacaopaulistadefutsal.com.br\/novo\/wp-json\/wp\/v2\/categories?post=11669"},{"taxonomy":"post_tag","embeddable":true,"href":"https:\/\/www.federacaopaulistadefutsal.com.br\/novo\/wp-json\/wp\/v2\/tags?post=11669"}],"curies":[{"name":"wp","href":"https:\/\/api.w.org\/{rel}","templated":true}]}}