{"id":11737,"date":"2016-06-26T10:22:26","date_gmt":"2016-06-26T10:22:26","guid":{"rendered":"http:\/\/www.federacaopaulistadefutsal.com.br\/?p=11737"},"modified":"2016-06-26T10:22:26","modified_gmt":"2016-06-26T10:22:26","slug":"sorocaba-perde-para-al-rayyan-e-se-complica-na-intercontinental","status":"publish","type":"post","link":"https:\/\/www.federacaopaulistadefutsal.com.br\/novo\/sorocaba-perde-para-al-rayyan-e-se-complica-na-intercontinental\/","title":{"rendered":"Sorocaba perde para Al Rayyan e se complica na Intercontinental"},"content":{"rendered":"<p>&nbsp;<br \/>\nNo \u00faltimo s\u00e1bado (25), em jogo v\u00e1lido pela segunda rodada do grupo B da Copa Intercontinental de Futsal, o Sorocaba enfrentou o Al Rayyan (CAT). O confronto entre as equipes aconteceu na\u00a0arena\u00a0Ali Bin Hamad Al Attiya, em Doha, no Catar, e longe de sua torcida, o time sorocabano perdeu pelo placar de 4 a 2, e com o resultado, se complicou na chave.<br \/>\nOs gols da vit\u00f3ria dos donos da casa foram &#8220;anotados&#8221; pelos seguintes jogadores: Arthur (2),\u00a0Thiago Grippi e Amro. Para o time brasileiro, comandado pelo t\u00e9cnico Fernando Ferretti, Simi e Rodrigo Hardy, o &#8220;Torpedo Humano&#8221;, colocaram a bola no fundo do &#8220;barbante&#8221; do goleiro Cid\u00e3o.<br \/>\nCom a derrota, o Sorocaba agora ocupa a terceira coloca\u00e7\u00e3o no grupo B da Intercontinental, e somando 3 pontos ganhos, perde para Inter Movistar (ESP) e Al Rayyan (CAT) nos crit\u00e9rios de desempate. Agora, a equipe do craque Falc\u00e3o vai encarar o time espanhol no \u00faltimo e decisivo duelo pela chave.<br \/>\nA partida entre Sorocaba e Inter Movistar (ESP), do portugu\u00eas Ricardinho, est\u00e1 marcada para acontecer neste domingo (26), a partir das 16h45, pelo hor\u00e1rio de Bras\u00edlia.<br \/>\n&nbsp;<br \/>\nPor Assessoria FPFS<br \/>\nCom informa\u00e7\u00f5es: Globo Esporte<br \/>\nFoto: Divulga\u00e7\u00e3o\/ Magnus Futsal\/Qatar Football Association<\/p>\n","protected":false},"excerpt":{"rendered":"<p>&nbsp; No \u00faltimo s\u00e1bado (25), em jogo v\u00e1lido pela segunda rodada do grupo B da Copa Intercontinental de Futsal, o<\/p>\n","protected":false},"author":1,"featured_media":11739,"comment_status":"closed","ping_status":"open","sticky":false,"template":"","format":"standard","meta":{"footnotes":""},"categories":[25,29,32],"tags":[189,419,425,541,655,714,807,1103,1151,1233,1334,1702,2325,2328],"class_list":["post-11737","post","type-post","status-publish","format-standard","has-post-thumbnail","hentry","category-destaques","category-interior","category-maiores","tag-al-rayyan","tag-brasil","tag-brasileiros","tag-catar","tag-complica","tag-copa-intercontinental","tag-derrota","tag-fora-de-casa","tag-futsal-paulista","tag-grupo-b","tag-interior","tag-mundial","tag-sorocaba","tag-sorocabanos"],"_links":{"self":[{"href":"https:\/\/www.federacaopaulistadefutsal.com.br\/novo\/wp-json\/wp\/v2\/posts\/11737","targetHints":{"allow":["GET"]}}],"collection":[{"href":"https:\/\/www.federacaopaulistadefutsal.com.br\/novo\/wp-json\/wp\/v2\/posts"}],"about":[{"href":"https:\/\/www.federacaopaulistadefutsal.com.br\/novo\/wp-json\/wp\/v2\/types\/post"}],"author":[{"embeddable":true,"href":"https:\/\/www.federacaopaulistadefutsal.com.br\/novo\/wp-json\/wp\/v2\/users\/1"}],"replies":[{"embeddable":true,"href":"https:\/\/www.federacaopaulistadefutsal.com.br\/novo\/wp-json\/wp\/v2\/comments?post=11737"}],"version-history":[{"count":0,"href":"https:\/\/www.federacaopaulistadefutsal.com.br\/novo\/wp-json\/wp\/v2\/posts\/11737\/revisions"}],"wp:featuredmedia":[{"embeddable":true,"href":"https:\/\/www.federacaopaulistadefutsal.com.br\/novo\/wp-json\/"}],"wp:attachment":[{"href":"https:\/\/www.federacaopaulistadefutsal.com.br\/novo\/wp-json\/wp\/v2\/media?parent=11737"}],"wp:term":[{"taxonomy":"category","embeddable":true,"href":"https:\/\/www.federacaopaulistadefutsal.com.br\/novo\/wp-json\/wp\/v2\/categories?post=11737"},{"taxonomy":"post_tag","embeddable":true,"href":"https:\/\/www.federacaopaulistadefutsal.com.br\/novo\/wp-json\/wp\/v2\/tags?post=11737"}],"curies":[{"name":"wp","href":"https:\/\/api.w.org\/{rel}","templated":true}]}}