{"id":11774,"date":"2016-06-28T15:09:58","date_gmt":"2016-06-28T15:09:58","guid":{"rendered":"http:\/\/www.federacaopaulistadefutsal.com.br\/?p=11774"},"modified":"2016-06-28T15:09:58","modified_gmt":"2016-06-28T15:09:58","slug":"jogando-no-ciro-i-taboao-perde-para-pinhal-pelo-feminino","status":"publish","type":"post","link":"https:\/\/www.federacaopaulistadefutsal.com.br\/novo\/jogando-no-ciro-i-taboao-perde-para-pinhal-pelo-feminino\/","title":{"rendered":"Jogando no Ciro I, Tabo\u00e3o perde para Pinhal pelo Feminino"},"content":{"rendered":"<p>&nbsp;<br \/>\nEm duelo v\u00e1lido pelo Campeonato Metropolitano Feminino, o C.A. Tabo\u00e3o da Serra encarou a A. Pinhal no gin\u00e1sio Presidente Ciro I, da Federa\u00e7\u00e3o Paulista de Futsal (FPFS), em S\u00e3o Paulo-SP, no \u00faltimo s\u00e1bado (25). Longe de sua torcida, o time taboense perdeu para o pinhalense pelo placar de 6 a 3, e ainda sim, apesar da derrota, permanece na segunda coloca\u00e7\u00e3o na competi\u00e7\u00e3o.<br \/>\nOs gols da vit\u00f3ria da equipe do interior foram marcados pelas seguintes jogadoras: Maria (2), Thamiris, L\u00eddia, Elis\u00e2ngela, e por fim, Thais. Para o C.A.T.S., Aline e Nathalia, que balan\u00e7ou a rede duas vezes, colocaram a bola no fundo do &#8220;barbante&#8221;.<br \/>\nCom o resultado, Tabo\u00e3o, na segunda posi\u00e7\u00e3o, soma 18 pontos ganhos, divididos em seis vit\u00f3rias e cinco derrotas. A Pinhal, por sua vez, est\u00e1 na quinta coloca\u00e7\u00e3o, e com 10 pontos, tem tr\u00eas vit\u00f3rias, um empate e sete derrotas.<br \/>\nAgora, as &#8220;C.A.T.S.&#8221; v\u00e3o encarar o Primeiro de Maio F.C., de Santo Andr\u00e9-SP, no pr\u00f3ximo s\u00e1bado (02), a partir das 19h15, no gin\u00e1sio Jos\u00e9 de Souza Sobrinho, o popular &#8220;Z\u00e9 do Feij\u00e3o&#8221;. O time pinhalense medir\u00e1 for\u00e7as com o Mar\u00edlia em seus dom\u00ednios, no Guilherme de Moraes Ribeiro, tamb\u00e9m no s\u00e1bado (02), \u00e0s 17h00.<br \/>\n&nbsp;<br \/>\nPor Assessoria FPFS<br \/>\nFoto: Divulga\u00e7\u00e3o\/C.A. Tabo\u00e3o da Serra<\/p>\n","protected":false},"excerpt":{"rendered":"<p>&nbsp; Em duelo v\u00e1lido pelo Campeonato Metropolitano Feminino, o C.A. Tabo\u00e3o da Serra encarou a A. Pinhal no gin\u00e1sio Presidente<\/p>\n","protected":false},"author":1,"featured_media":11776,"comment_status":"closed","ping_status":"open","sticky":false,"template":"","format":"standard","meta":{"footnotes":""},"categories":[26,32,27],"tags":[442,605,807,1046,1103,42,1641,1650,1700,1877,1880,2160,2389,2392],"class_list":["post-11774","post","type-post","status-publish","format-standard","has-post-thumbnail","hentry","category-feminino","category-maiores","category-metropolitano-feminino","tag-c-a-t-s","tag-ciro-i","tag-derrota","tag-feminino","tag-fora-de-casa","tag-fpfs","tag-meninas","tag-metropolitano","tag-mulheres","tag-pinhal","tag-pinhalenses","tag-sabado","tag-taboao","tag-taboenses"],"_links":{"self":[{"href":"https:\/\/www.federacaopaulistadefutsal.com.br\/novo\/wp-json\/wp\/v2\/posts\/11774","targetHints":{"allow":["GET"]}}],"collection":[{"href":"https:\/\/www.federacaopaulistadefutsal.com.br\/novo\/wp-json\/wp\/v2\/posts"}],"about":[{"href":"https:\/\/www.federacaopaulistadefutsal.com.br\/novo\/wp-json\/wp\/v2\/types\/post"}],"author":[{"embeddable":true,"href":"https:\/\/www.federacaopaulistadefutsal.com.br\/novo\/wp-json\/wp\/v2\/users\/1"}],"replies":[{"embeddable":true,"href":"https:\/\/www.federacaopaulistadefutsal.com.br\/novo\/wp-json\/wp\/v2\/comments?post=11774"}],"version-history":[{"count":0,"href":"https:\/\/www.federacaopaulistadefutsal.com.br\/novo\/wp-json\/wp\/v2\/posts\/11774\/revisions"}],"wp:featuredmedia":[{"embeddable":true,"href":"https:\/\/www.federacaopaulistadefutsal.com.br\/novo\/wp-json\/"}],"wp:attachment":[{"href":"https:\/\/www.federacaopaulistadefutsal.com.br\/novo\/wp-json\/wp\/v2\/media?parent=11774"}],"wp:term":[{"taxonomy":"category","embeddable":true,"href":"https:\/\/www.federacaopaulistadefutsal.com.br\/novo\/wp-json\/wp\/v2\/categories?post=11774"},{"taxonomy":"post_tag","embeddable":true,"href":"https:\/\/www.federacaopaulistadefutsal.com.br\/novo\/wp-json\/wp\/v2\/tags?post=11774"}],"curies":[{"name":"wp","href":"https:\/\/api.w.org\/{rel}","templated":true}]}}