{"id":11861,"date":"2016-07-04T09:57:36","date_gmt":"2016-07-04T09:57:36","guid":{"rendered":"http:\/\/www.federacaopaulistadefutsal.com.br\/?p=11861"},"modified":"2016-07-04T09:57:36","modified_gmt":"2016-07-04T09:57:36","slug":"ligado-na-fpfs-destaques-das-quadras-do-campeonato-paulista-4","status":"publish","type":"post","link":"https:\/\/www.federacaopaulistadefutsal.com.br\/novo\/ligado-na-fpfs-destaques-das-quadras-do-campeonato-paulista-4\/","title":{"rendered":"Ligado na FPFS! Destaques das quadras do Campeonato Paulista"},"content":{"rendered":"<p>&nbsp;<br \/>\nNeste final de semana, em partidas v\u00e1lidas pelo Campeonato Paulista, equipes da categoria principal\u00a0se enfrentaram nas quatro linhas. Na competi\u00e7\u00e3o, organizada pela Federa\u00e7\u00e3o Paulista de Futsal (FPFS), os &#8220;craques&#8221;\u00a0do futsal mostraram suas habilidades, e voc\u00ea, f\u00e3 da modalidade, s\u00f3 confere com a gente os seguintes destaques: artilheiros, melhores ataques, defesas e classificados, e por fim, os jogos da super-rodada!<br \/>\n<strong>Campeonato Paulista 2016<\/strong><br \/>\n<strong>Os &#8220;matadores&#8221;:<\/strong><br \/>\n1\u00ba Denis de Faria, do Conectim Futsal, com 12\u00a0gols.<br \/>\n2\u00ba Thiago Silvio, da A. Pinhal Futsal, com 9 gols.<br \/>\n3\u00ba Diego Hernandes, da A. Pinhal Futsal, com 9 gols.<br \/>\n<strong>&#8220;Artilharia pesada&#8221;:<\/strong><br \/>\n1\u00ba A. Pinhal Futsal, 55 gols marcados.<br \/>\n2\u00ba Conectim Futsal, 42 gols marcados.<br \/>\n3\u00ba C.A. Tabo\u00e3o da Serra, 28 gols marcados.<br \/>\n<strong>&#8220;Pared\u00e3o&#8221;:<\/strong><br \/>\n1\u00ba Vocem\/Assis, 13 gols sofridos.<br \/>\n2\u00ba C.A. Tabo\u00e3o da Serra, 17 gols sofridos.<br \/>\n3\u00ba Sert\u00e3ozinho Futsal, 18 gols sofridos.<br \/>\n<strong>Liderando no Paulist\u00e3o:<\/strong><br \/>\n1\u00ba A. Pinhal Futsal, com 22 pontos (sete vit\u00f3rias, um empate e duas derrotas)<br \/>\n<strong>Rodada do Campeonato Paulista no final de semana<\/strong><br \/>\nPaulist\u00e3o\u00a0(02\/07) &#8211; Confrontos &#8220;Metropolitano&#8221; e &#8220;Interior&#8221;:<br \/>\n&nbsp;<br \/>\nConectim Futsal 2 x 1 C.A. Tabo\u00e3o da Serra<br \/>\nA. Pinhal Futsal 7 x 1 FS21\/Americana<br \/>\n&nbsp;<br \/>\nPor Assessoria FPFS<\/p>\n","protected":false},"excerpt":{"rendered":"<p>&nbsp; Neste final de semana, em partidas v\u00e1lidas pelo Campeonato Paulista, equipes da categoria principal\u00a0se enfrentaram nas quatro linhas. Na<\/p>\n","protected":false},"author":1,"featured_media":11862,"comment_status":"closed","ping_status":"open","sticky":false,"template":"","format":"standard","meta":{"footnotes":""},"categories":[25,9,29,32],"tags":[279,300,611,794,829,976,1334,1424,1575,1636,1835,1839,2365],"class_list":["post-11861","post","type-post","status-publish","format-standard","has-post-thumbnail","hentry","category-destaques","category-estadual-principal","category-interior","category-maiores","tag-artilheiros","tag-ataques","tag-classificacao","tag-defesas","tag-destaques","tag-estadual-a1","tag-interior","tag-jogos","tag-maiores","tag-melhores","tag-paulista","tag-paulistao","tag-super-rodada"],"_links":{"self":[{"href":"https:\/\/www.federacaopaulistadefutsal.com.br\/novo\/wp-json\/wp\/v2\/posts\/11861","targetHints":{"allow":["GET"]}}],"collection":[{"href":"https:\/\/www.federacaopaulistadefutsal.com.br\/novo\/wp-json\/wp\/v2\/posts"}],"about":[{"href":"https:\/\/www.federacaopaulistadefutsal.com.br\/novo\/wp-json\/wp\/v2\/types\/post"}],"author":[{"embeddable":true,"href":"https:\/\/www.federacaopaulistadefutsal.com.br\/novo\/wp-json\/wp\/v2\/users\/1"}],"replies":[{"embeddable":true,"href":"https:\/\/www.federacaopaulistadefutsal.com.br\/novo\/wp-json\/wp\/v2\/comments?post=11861"}],"version-history":[{"count":0,"href":"https:\/\/www.federacaopaulistadefutsal.com.br\/novo\/wp-json\/wp\/v2\/posts\/11861\/revisions"}],"wp:featuredmedia":[{"embeddable":true,"href":"https:\/\/www.federacaopaulistadefutsal.com.br\/novo\/wp-json\/"}],"wp:attachment":[{"href":"https:\/\/www.federacaopaulistadefutsal.com.br\/novo\/wp-json\/wp\/v2\/media?parent=11861"}],"wp:term":[{"taxonomy":"category","embeddable":true,"href":"https:\/\/www.federacaopaulistadefutsal.com.br\/novo\/wp-json\/wp\/v2\/categories?post=11861"},{"taxonomy":"post_tag","embeddable":true,"href":"https:\/\/www.federacaopaulistadefutsal.com.br\/novo\/wp-json\/wp\/v2\/tags?post=11861"}],"curies":[{"name":"wp","href":"https:\/\/api.w.org\/{rel}","templated":true}]}}