{"id":11864,"date":"2016-07-04T10:20:14","date_gmt":"2016-07-04T10:20:14","guid":{"rendered":"http:\/\/www.federacaopaulistadefutsal.com.br\/?p=11864"},"modified":"2016-07-04T10:20:14","modified_gmt":"2016-07-04T10:20:14","slug":"craques-da-selecao-brasileira-ja-representaram-futsal-paulista","status":"publish","type":"post","link":"https:\/\/www.federacaopaulistadefutsal.com.br\/novo\/craques-da-selecao-brasileira-ja-representaram-futsal-paulista\/","title":{"rendered":"Craques da Sele\u00e7\u00e3o Brasileira j\u00e1 representaram futsal paulista"},"content":{"rendered":"<p>&nbsp;<br \/>\nNa semana passada, Rog\u00e9rio Micale, t\u00e9cnico da Sele\u00e7\u00e3o Brasileira de futebol, divulgou lista de 18 nomes que defender\u00e3o o Brasil nos Jogos Ol\u00edmpicos, visando a busca pela medalha de ouro. E voc\u00ea, amigo e f\u00e3 do futsal paulista, sabia que alguns deles, por exemplo, come\u00e7aram a ser &#8220;craques&#8221; de bola nas quadras de futsal? Confira com a gente!<br \/>\nAl\u00e9m de Neymar, principal jogador brasileiro na atualidade, que inciou sua carreira como atleta no sal\u00e3o, Marquinhos, zagueiro do Paris Saint-Germain, da Fran\u00e7a, j\u00e1 jogou pelo futsal do Corinthians, Gabriel, conhecido como &#8220;Gabigol&#8221;, do Santos, come\u00e7ou nas quadras tamb\u00e9m no Peixe, e por fim, Luan, do Gr\u00eamio, vestiu a camisa do Palestra, da cidade de S\u00e3o Jos\u00e9 do Rio Preto-SP.<br \/>\nA Sele\u00e7\u00e3o Brasileira de futebol, com craques que come\u00e7aram no futsal, disputar\u00e1 as Olimp\u00edadas no pr\u00f3ximo m\u00eas de agosto, na capital Rio de Janeiro-RJ.<br \/>\n&nbsp;<br \/>\nPor Assessoria FPFS<br \/>\nCom informa\u00e7\u00f5es: Futsal em Pauta<br \/>\nArte: Reprodu\u00e7\u00e3o\/Futsal em Pauta<\/p>\n","protected":false},"excerpt":{"rendered":"<p>&nbsp; Na semana passada, Rog\u00e9rio Micale, t\u00e9cnico da Sele\u00e7\u00e3o Brasileira de futebol, divulgou lista de 18 nomes que defender\u00e3o o<\/p>\n","protected":false},"author":1,"featured_media":11866,"comment_status":"closed","ping_status":"open","sticky":false,"template":"","format":"standard","meta":{"footnotes":""},"categories":[25,32,33],"tags":[310,401,530,639,747,1127,1131,1151,1375,1413,1434,1772,1826,2239],"class_list":["post-11864","post","type-post","status-publish","format-standard","has-post-thumbnail","hentry","category-destaques","category-maiores","category-menores","tag-atletas","tag-bola","tag-carreiras","tag-comeco","tag-craques","tag-futebol","tag-futsal","tag-futsal-paulista","tag-ja-jogaram","tag-jogadores","tag-jogos-olimpicos","tag-olimpiadas","tag-passado","tag-selecao"],"_links":{"self":[{"href":"https:\/\/www.federacaopaulistadefutsal.com.br\/novo\/wp-json\/wp\/v2\/posts\/11864","targetHints":{"allow":["GET"]}}],"collection":[{"href":"https:\/\/www.federacaopaulistadefutsal.com.br\/novo\/wp-json\/wp\/v2\/posts"}],"about":[{"href":"https:\/\/www.federacaopaulistadefutsal.com.br\/novo\/wp-json\/wp\/v2\/types\/post"}],"author":[{"embeddable":true,"href":"https:\/\/www.federacaopaulistadefutsal.com.br\/novo\/wp-json\/wp\/v2\/users\/1"}],"replies":[{"embeddable":true,"href":"https:\/\/www.federacaopaulistadefutsal.com.br\/novo\/wp-json\/wp\/v2\/comments?post=11864"}],"version-history":[{"count":0,"href":"https:\/\/www.federacaopaulistadefutsal.com.br\/novo\/wp-json\/wp\/v2\/posts\/11864\/revisions"}],"wp:featuredmedia":[{"embeddable":true,"href":"https:\/\/www.federacaopaulistadefutsal.com.br\/novo\/wp-json\/"}],"wp:attachment":[{"href":"https:\/\/www.federacaopaulistadefutsal.com.br\/novo\/wp-json\/wp\/v2\/media?parent=11864"}],"wp:term":[{"taxonomy":"category","embeddable":true,"href":"https:\/\/www.federacaopaulistadefutsal.com.br\/novo\/wp-json\/wp\/v2\/categories?post=11864"},{"taxonomy":"post_tag","embeddable":true,"href":"https:\/\/www.federacaopaulistadefutsal.com.br\/novo\/wp-json\/wp\/v2\/tags?post=11864"}],"curies":[{"name":"wp","href":"https:\/\/api.w.org\/{rel}","templated":true}]}}