{"id":11908,"date":"2016-07-05T14:13:05","date_gmt":"2016-07-05T14:13:05","guid":{"rendered":"http:\/\/www.federacaopaulistadefutsal.com.br\/?p=11908"},"modified":"2016-07-05T14:13:05","modified_gmt":"2016-07-05T14:13:05","slug":"liga-leste-realiza-peneiras-para-atletas-das-categorias-menores","status":"publish","type":"post","link":"https:\/\/www.federacaopaulistadefutsal.com.br\/novo\/liga-leste-realiza-peneiras-para-atletas-das-categorias-menores\/","title":{"rendered":"Liga Leste realiza peneiras para atletas das categorias menores"},"content":{"rendered":"<p>&nbsp;<br \/>\nVisando refor\u00e7ar suas equipes de menores, a Associa\u00e7\u00e3o Liga Leste Reabilitar\u00a0realiza peneiras para atletas das categorias sub-10, 12, 14, 16 e 17 (nascidos de 1999 a 2007). Os testes acontecem na cidade de S\u00e3o Paulo-SP. Confira!<br \/>\n<strong>Datas e hor\u00e1rios das peneiras:\u00a0<\/strong><br \/>\n<strong>Sub-10 (nascidos em 2006 e 2007) &#8211;<\/strong> \u00e0s ter\u00e7as-feiras, a partir das 19h30 &#8211; Com o prof. Andr\u00e9.<br \/>\n<strong>Sub-12 (nascidos em 2004 e 2005) &#8211;<\/strong> \u00e0s ter\u00e7as e sextas-feiras, a partir das 20h00 &#8211; Com a prof. Adriana.<br \/>\n<strong>Sub-14 (nascidos em 2002 e 2003) &#8211;<\/strong> \u00e0s segundas-feiras, a partir das 20h00 &#8211; Com o prof. Rafael.<br \/>\n<strong>Sub-16 (nascidos em 2000 e 2001) &#8211;<\/strong>\u00a0\u00e0s quartas e sextas-feiras, a partir das 19h00.<br \/>\n<strong>Sub-17 (nascidos em 1999) &#8211;<\/strong> \u00e0s quartas e sextas-feiras, a partir das 19h00 &#8211; Com o prof. Luiz Carlos (Zizo).<br \/>\n<strong>Endere\u00e7os das peneiras:\u00a0<\/strong><br \/>\n<strong>Sub-10 &#8211;<\/strong> Dr. Aiose, 151, Vila Verde (Itaquera) &#8211; S\u00e3o Paulo-SP.<br \/>\n<strong>Sub-12 &#8211;<\/strong> Rua Carlo Clausset, 19, Cohab Teot\u00f4nio Vilela &#8211; S\u00e3o Paulo-SP.<br \/>\n<strong>Sub-14 &#8211;<\/strong> Rua Ioneji Matsubaiashi, 982, Itaquera &#8211; S\u00e3o Paulo-SP.<br \/>\n<strong>Sub-16 &#8211;\u00a0<\/strong>Rua Ioneji Matsubaiashi, 982, Itaquera &#8211; S\u00e3o Paulo-SP.<br \/>\n<strong>Sub-17 &#8211;<\/strong>\u00a0Rua Ioneji Matsubaiashi, 982, Itaquera &#8211; S\u00e3o Paulo-SP.<br \/>\n<strong>Para mais informa\u00e7\u00f5es:<br \/>\n<\/strong><br \/>\nFavor entrar em contato com Prof. S\u00e9rgio (94683-7365).<br \/>\n<strong>IMPORTANTE!<\/strong> &#8211; Para a realiza\u00e7\u00e3o dos testes, os atletas devem levar documenta\u00e7\u00e3o (R.G.)\u00a0e comparecer trajados de uniforme e material esportivo para a pr\u00e1tica do futsal.<br \/>\n&nbsp;<br \/>\nPor Assessoria FPFS<br \/>\nCom informa\u00e7\u00f5es: Prof. S\u00e9rgio\/Liga Leste Futsal<\/p>\n","protected":false},"excerpt":{"rendered":"<p>&nbsp; Visando refor\u00e7ar suas equipes de menores, a Associa\u00e7\u00e3o Liga Leste Reabilitar\u00a0realiza peneiras para atletas das categorias sub-10, 12, 14,<\/p>\n","protected":false},"author":1,"featured_media":11910,"comment_status":"closed","ping_status":"open","sticky":false,"template":"","format":"standard","meta":{"footnotes":""},"categories":[25,33],"tags":[551,948,1521,1643,1684,43,2061,2252,2449,2461,2465,2596],"class_list":["post-11908","post","type-post","status-publish","format-standard","has-post-thumbnail","hentry","category-destaques","category-menores","tag-categorias","tag-equipes","tag-liga-leste","tag-menores-2","tag-molecada","tag-peneiras","tag-reforcar","tag-seletivas","tag-testes","tag-times","tag-todas","tag-visando"],"_links":{"self":[{"href":"https:\/\/www.federacaopaulistadefutsal.com.br\/novo\/wp-json\/wp\/v2\/posts\/11908","targetHints":{"allow":["GET"]}}],"collection":[{"href":"https:\/\/www.federacaopaulistadefutsal.com.br\/novo\/wp-json\/wp\/v2\/posts"}],"about":[{"href":"https:\/\/www.federacaopaulistadefutsal.com.br\/novo\/wp-json\/wp\/v2\/types\/post"}],"author":[{"embeddable":true,"href":"https:\/\/www.federacaopaulistadefutsal.com.br\/novo\/wp-json\/wp\/v2\/users\/1"}],"replies":[{"embeddable":true,"href":"https:\/\/www.federacaopaulistadefutsal.com.br\/novo\/wp-json\/wp\/v2\/comments?post=11908"}],"version-history":[{"count":0,"href":"https:\/\/www.federacaopaulistadefutsal.com.br\/novo\/wp-json\/wp\/v2\/posts\/11908\/revisions"}],"wp:featuredmedia":[{"embeddable":true,"href":"https:\/\/www.federacaopaulistadefutsal.com.br\/novo\/wp-json\/"}],"wp:attachment":[{"href":"https:\/\/www.federacaopaulistadefutsal.com.br\/novo\/wp-json\/wp\/v2\/media?parent=11908"}],"wp:term":[{"taxonomy":"category","embeddable":true,"href":"https:\/\/www.federacaopaulistadefutsal.com.br\/novo\/wp-json\/wp\/v2\/categories?post=11908"},{"taxonomy":"post_tag","embeddable":true,"href":"https:\/\/www.federacaopaulistadefutsal.com.br\/novo\/wp-json\/wp\/v2\/tags?post=11908"}],"curies":[{"name":"wp","href":"https:\/\/api.w.org\/{rel}","templated":true}]}}