{"id":11950,"date":"2016-07-07T12:04:04","date_gmt":"2016-07-07T12:04:04","guid":{"rendered":"http:\/\/www.federacaopaulistadefutsal.com.br\/?p=11950"},"modified":"2016-07-07T12:04:04","modified_gmt":"2016-07-07T12:04:04","slug":"idolo-do-orlandia-pivo-dieguinho-acerta-com-time-do-futsal-portugues","status":"publish","type":"post","link":"https:\/\/www.federacaopaulistadefutsal.com.br\/novo\/idolo-do-orlandia-pivo-dieguinho-acerta-com-time-do-futsal-portugues\/","title":{"rendered":"\u00cddolo do Orl\u00e2ndia, piv\u00f4 Dieguinho acerta com time do futsal portugu\u00eas"},"content":{"rendered":"<p>&nbsp;<br \/>\n\u00cddolo do Orl\u00e2ndia, o piv\u00f4 Dieguinho, artilheiro da \u00faltima Liga Nacional de Futsal (LNF) com 29 gols, j\u00e1 sabe qual ser\u00e1 seu pr\u00f3ximo destino dentro das quadras. O jogador acertou contrato com o Sporting, de Portugal, e em sua rede social, ele se despediu da torcida orlandina, e tamb\u00e9m, falou sobre a nova oportunidade nas quatro linhas. Confira!<br \/>\n<span title=\"Editado\"><strong>&#8220;Hoje estou me despedindo dessa equipe, dessa cidade, com muita alegria. Aqui fui muito feliz e aprendi muitas coisas, agrade\u00e7o de todo meu cora\u00e7\u00e3o todos da cidade, do time, em especial a comiss\u00e3o t\u00e9cnica e diretoria que acreditaram no meu trabalho e me trouxeram sem que eu pudesse jogar, confiaram que eu poderia fazer um bom trabalho aqui, infelizmente n\u00e3o conseguimos o objetivo maior que era conquistar a Liga Nacional, batemos na trave duas vezes , mas esse \u00e9 o esporte, nem sempre ganhamos, por\u00e9m, sempre lutamos com toda nossa for\u00e7a e empenho, n\u00e3o faltar\u00e3o oportunidades porque aqui fica meu at\u00e9 breve, um dia voltarei!!!&#8221;,<\/strong> disse o piv\u00f4, no \u00faltimo domingo (03), em seu Instagram. \u00a0<\/span><br \/>\n<span title=\"Editado\"><strong>&#8220;Anuncio oficialmente que a partir deste momento defenderei as cores do Sporting. Me apresento no pr\u00f3ximo m\u00eas, estou muito feliz por mais esta etapa em minha vida e prometo aos torcedores do Le\u00e3o que ir\u00e3o presenciar em quadra o mesmo empenho que mostrei at\u00e9 hoje em minha carreira&#8221;,<\/strong>\u00a0declarou Dieguinho na segunda-feira (04), tamb\u00e9m no Instagram. \u00a0 \u00a0\u00a0<\/span><br \/>\n&nbsp;<br \/>\nPor Assessoria FPFS<br \/>\nCom informa\u00e7\u00f5es: Alphamidia<br \/>\nImagem: Divulga\u00e7\u00e3o\/Alphamidia<br \/>\n&nbsp;<\/p>\n","protected":false},"excerpt":{"rendered":"<p>&nbsp; \u00cddolo do Orl\u00e2ndia, o piv\u00f4 Dieguinho, artilheiro da \u00faltima Liga Nacional de Futsal (LNF) com 29 gols, j\u00e1 sabe<\/p>\n","protected":false},"author":1,"featured_media":11951,"comment_status":"closed","ping_status":"open","sticky":false,"template":"","format":"standard","meta":{"footnotes":""},"categories":[25,29,32],"tags":[278,308,691,830,849,1131,1280,1320,1323,1409,1645,1719,1789,1891,1915,1916,2334],"class_list":["post-11950","post","type-post","status-publish","format-standard","has-post-thumbnail","hentry","category-destaques","category-interior","category-maiores","tag-artilheiro","tag-atleta","tag-contrato","tag-destino","tag-dieguinho","tag-futsal","tag-idolo","tag-instagram","tag-intelli","tag-jogador","tag-mercado","tag-negociacoes","tag-orlandia","tag-pivo","tag-portugal","tag-portugues","tag-sporting"],"_links":{"self":[{"href":"https:\/\/www.federacaopaulistadefutsal.com.br\/novo\/wp-json\/wp\/v2\/posts\/11950","targetHints":{"allow":["GET"]}}],"collection":[{"href":"https:\/\/www.federacaopaulistadefutsal.com.br\/novo\/wp-json\/wp\/v2\/posts"}],"about":[{"href":"https:\/\/www.federacaopaulistadefutsal.com.br\/novo\/wp-json\/wp\/v2\/types\/post"}],"author":[{"embeddable":true,"href":"https:\/\/www.federacaopaulistadefutsal.com.br\/novo\/wp-json\/wp\/v2\/users\/1"}],"replies":[{"embeddable":true,"href":"https:\/\/www.federacaopaulistadefutsal.com.br\/novo\/wp-json\/wp\/v2\/comments?post=11950"}],"version-history":[{"count":0,"href":"https:\/\/www.federacaopaulistadefutsal.com.br\/novo\/wp-json\/wp\/v2\/posts\/11950\/revisions"}],"wp:featuredmedia":[{"embeddable":true,"href":"https:\/\/www.federacaopaulistadefutsal.com.br\/novo\/wp-json\/"}],"wp:attachment":[{"href":"https:\/\/www.federacaopaulistadefutsal.com.br\/novo\/wp-json\/wp\/v2\/media?parent=11950"}],"wp:term":[{"taxonomy":"category","embeddable":true,"href":"https:\/\/www.federacaopaulistadefutsal.com.br\/novo\/wp-json\/wp\/v2\/categories?post=11950"},{"taxonomy":"post_tag","embeddable":true,"href":"https:\/\/www.federacaopaulistadefutsal.com.br\/novo\/wp-json\/wp\/v2\/tags?post=11950"}],"curies":[{"name":"wp","href":"https:\/\/api.w.org\/{rel}","templated":true}]}}